{"id":3755,"date":"2025-06-05T10:14:29","date_gmt":"2025-06-05T08:14:29","guid":{"rendered":"https:\/\/ddluxurycar.wwwarcelona.net\/noticias\/comparacion-alquiler-de-coches-de-lujo-en-paises-europeos\/"},"modified":"2025-07-04T10:18:28","modified_gmt":"2025-07-04T08:18:28","slug":"comparacion-alquiler-de-coches-de-lujo-en-paises-europeos","status":"publish","type":"post","link":"https:\/\/ddluxurycar.wwwarcelona.net\/es\/coches-de-prestigio\/comparacion-alquiler-de-coches-de-lujo-en-paises-europeos\/","title":{"rendered":"Comparaci\u00f3n: alquiler de coches de lujo en pa\u00edses europeos"},"content":{"rendered":"\t\t<div data-elementor-type=\"wp-post\" data-elementor-id=\"3755\" class=\"elementor elementor-3755 elementor-3727\" data-elementor-post-type=\"post\">\n\t\t\t\t<div class=\"elementor-element elementor-element-ed916a3 e-flex e-con-boxed e-con e-parent\" data-id=\"ed916a3\" data-element_type=\"container\" data-e-type=\"container\">\n\t\t\t\t\t<div class=\"e-con-inner\">\n\t\t\t\t<div class=\"elementor-element elementor-element-3f87004 elementor-widget-divider--view-line elementor-widget elementor-widget-divider\" data-id=\"3f87004\" data-element_type=\"widget\" data-e-type=\"widget\" data-widget_type=\"divider.default\">\n\t\t\t\t<div class=\"elementor-widget-container\">\n\t\t\t\t\t\t\t<div class=\"elementor-divider\">\n\t\t\t<span class=\"elementor-divider-separator\">\n\t\t\t\t\t\t<\/span>\n\t\t<\/div>\n\t\t\t\t\t\t<\/div>\n\t\t\t\t<\/div>\n\t\t\t\t<div class=\"elementor-element elementor-element-1450bfb elementor-widget elementor-widget-text-editor\" data-id=\"1450bfb\" data-element_type=\"widget\" data-e-type=\"widget\" data-widget_type=\"text-editor.default\">\n\t\t\t\t<div class=\"elementor-widget-container\">\n\t\t\t\t\t\t\t\t\t<p><span style=\"font-weight: 400;\">Cuando planees un viaje por carretera de alto nivel <\/span><b>el alquiler de coches de lujo en pa\u00edses europeos<\/b><span style=\"font-weight: 400;\">  ofrece mucho m\u00e1s que ir del punto A al punto B. Se trata de la emoci\u00f3n de conducir una m\u00e1quina de primera mientras se exploran algunas de las carreteras m\u00e1s pintorescas y culturalmente ricas del mundo. Tras haber tenido la oportunidad de conducir por Europa con diversos veh\u00edculos de gama alta, he aprendido que la experiencia difiere mucho seg\u00fan el pa\u00eds. Desde la perfecci\u00f3n de la ingenier\u00eda de Alemania hasta el estilo mediterr\u00e1neo de Espa\u00f1a, cada destino ofrece su propia versi\u00f3n de lo que significa conducir con lujo.  <\/span><\/p><p><span style=\"font-weight: 400;\"><a href=\"https:\/\/www.instagram.com\/ddsportcar\/\" target=\"_blank\" rel=\"noopener\">Perm\u00edteme guiarte a trav\u00e9s de los aspectos m\u00e1s destacados<\/a>, los retos y las caracter\u00edsticas \u00fanicas de <\/span><b>alquiler de coches de lujo en pa\u00edses europeos<\/b><span style=\"font-weight: 400;\">  como Alemania, Francia, Italia y Espa\u00f1a. Al final, podr\u00e1s decidir d\u00f3nde empezar tu propia aventura al volante. <\/span><\/p>\t\t\t\t\t\t\t\t<\/div>\n\t\t\t\t<\/div>\n\t\t\t\t\t<\/div>\n\t\t\t\t<\/div>\n\t\t<div class=\"elementor-element elementor-element-2626c23 e-flex e-con-boxed e-con e-parent\" data-id=\"2626c23\" data-element_type=\"container\" data-e-type=\"container\">\n\t\t\t\t\t<div class=\"e-con-inner\">\n\t\t<div class=\"elementor-element elementor-element-1c691e2 e-con-full e-flex e-con e-child\" data-id=\"1c691e2\" data-element_type=\"container\" data-e-type=\"container\">\n\t\t\t\t<div class=\"elementor-element elementor-element-062c167 elementor-widget elementor-widget-heading\" data-id=\"062c167\" data-element_type=\"widget\" data-e-type=\"widget\" data-widget_type=\"heading.default\">\n\t\t\t\t<div class=\"elementor-widget-container\">\n\t\t\t\t\t<h2 class=\"elementor-heading-title elementor-size-default\">Alemania: el patio de recreo de las autopistas\n<\/h2>\t\t\t\t<\/div>\n\t\t\t\t<\/div>\n\t\t\t\t<div class=\"elementor-element elementor-element-0ae9d22 elementor-widget-divider--view-line elementor-widget elementor-widget-divider\" data-id=\"0ae9d22\" data-element_type=\"widget\" data-e-type=\"widget\" data-widget_type=\"divider.default\">\n\t\t\t\t<div class=\"elementor-widget-container\">\n\t\t\t\t\t\t\t<div class=\"elementor-divider\">\n\t\t\t<span class=\"elementor-divider-separator\">\n\t\t\t\t\t\t<\/span>\n\t\t<\/div>\n\t\t\t\t\t\t<\/div>\n\t\t\t\t<\/div>\n\t\t\t\t<div class=\"elementor-element elementor-element-0588761 elementor-widget elementor-widget-text-editor\" data-id=\"0588761\" data-element_type=\"widget\" data-e-type=\"widget\" data-widget_type=\"text-editor.default\">\n\t\t\t\t<div class=\"elementor-widget-container\">\n\t\t\t\t\t\t\t\t\t<p><span style=\"font-weight: 400;\">Alemania es el patio de recreo por excelencia para los entusiastas del autom\u00f3vil. Es la cuna de Porsche, Mercedes-Benz, BMW y Audi, lo que ya crea grandes expectativas. En t\u00e9rminos de    <\/span><b>alquiler de coches de lujo en pa\u00edses europeos<\/b><span style=\"font-weight: 400;\">Alemania ocupa el primer puesto para los amantes de las prestaciones.<\/span><\/p><h3><b>Por qu\u00e9 brilla Alemania:<\/b><\/h3><ul><li style=\"font-weight: 400;\" aria-level=\"1\"><b>Autopistas sin restricciones<\/b><span style=\"font-weight: 400;\">: En muchos tramos de la autopista no hay l\u00edmites de velocidad. Es aqu\u00ed donde un   <\/span><b>Porsche 911 Carrera S<\/b><span style=\"font-weight: 400;\"> o un <\/span><b>Audi RS Q8<\/b><span style=\"font-weight: 400;\"> cobran vida de verdad.<\/span><p> <\/p><\/li><li style=\"font-weight: 400;\" aria-level=\"1\"><b>Normas de mantenimiento impecables<\/b><span style=\"font-weight: 400;\">: Las empresas de alquiler alemanas cuidan con esmero sus flotas. Puedes sentir la precisi\u00f3n en cada movimiento de la direcci\u00f3n. <\/span><p> <\/p><\/li><li style=\"font-weight: 400;\" aria-level=\"1\"><b>Opciones tecnol\u00f3gicamente avanzadas<\/b><span style=\"font-weight: 400;\">: La mayor\u00eda de los alquileres de lujo en Alemania incluyen funciones como control de crucero adaptativo, navegaci\u00f3n en tiempo real y ajustes del modo de rendimiento.<\/span><p> <\/p><\/li><\/ul><p><span style=\"font-weight: 400;\">Yo personalmente alquil\u00e9 un <\/span><b>Porsche Cayenne GTS<\/b><span style=\"font-weight: 400;\">  conducir de Munich a Frankfurt. La emoci\u00f3n de pisar el acelerador sin l\u00edmites, mientras sent\u00eda el agarre y el sistema de frenado perfectos, hizo que fuera una de las conducciones m\u00e1s estimulantes de mi vida. <\/span><\/p><p><span style=\"font-weight: 400;\">Sin embargo, espera pagar por esta excelencia. Los alquileres son caros, y los seguros suelen ser m\u00e1s estrictos. Sin embargo, para muchos, el incomparable rendimiento justifica con creces el precio.  <\/span><\/p>\t\t\t\t\t\t\t\t<\/div>\n\t\t\t\t<\/div>\n\t\t\t\t<\/div>\n\t\t<div class=\"elementor-element elementor-element-5fcc6ea e-con-full e-flex e-con e-child\" data-id=\"5fcc6ea\" data-element_type=\"container\" data-e-type=\"container\">\n\t\t\t\t<div class=\"elementor-element elementor-element-325a20d elementor-widget elementor-widget-image\" data-id=\"325a20d\" data-element_type=\"widget\" data-e-type=\"widget\" data-widget_type=\"image.default\">\n\t\t\t\t<div class=\"elementor-widget-container\">\n\t\t\t\t\t\t\t\t\t\t\t\t\t\t\t<img fetchpriority=\"high\" decoding=\"async\" width=\"2560\" height=\"1707\" src=\"https:\/\/ddluxurycar.wwwarcelona.net\/wp-content\/uploads\/2025\/06\/pexels-jplenio-1103969-scaled.jpg\" class=\"attachment-full size-full wp-image-3732\" alt=\"luxury car rental in Barcelona\" srcset=\"https:\/\/ddluxurycar.wwwarcelona.net\/wp-content\/uploads\/2025\/06\/pexels-jplenio-1103969-scaled.jpg 2560w, https:\/\/ddluxurycar.wwwarcelona.net\/wp-content\/uploads\/2025\/06\/pexels-jplenio-1103969-scaled-600x400.jpg 600w, https:\/\/ddluxurycar.wwwarcelona.net\/wp-content\/uploads\/2025\/06\/pexels-jplenio-1103969-300x200.jpg 300w, https:\/\/ddluxurycar.wwwarcelona.net\/wp-content\/uploads\/2025\/06\/pexels-jplenio-1103969-1024x683.jpg 1024w, https:\/\/ddluxurycar.wwwarcelona.net\/wp-content\/uploads\/2025\/06\/pexels-jplenio-1103969-768x512.jpg 768w, https:\/\/ddluxurycar.wwwarcelona.net\/wp-content\/uploads\/2025\/06\/pexels-jplenio-1103969-1536x1024.jpg 1536w, https:\/\/ddluxurycar.wwwarcelona.net\/wp-content\/uploads\/2025\/06\/pexels-jplenio-1103969-2048x1365.jpg 2048w, https:\/\/ddluxurycar.wwwarcelona.net\/wp-content\/uploads\/2025\/06\/pexels-jplenio-1103969-180x120.jpg 180w, https:\/\/ddluxurycar.wwwarcelona.net\/wp-content\/uploads\/2025\/06\/pexels-jplenio-1103969-360x240.jpg 360w, https:\/\/ddluxurycar.wwwarcelona.net\/wp-content\/uploads\/2025\/06\/pexels-jplenio-1103969-640x427.jpg 640w, https:\/\/ddluxurycar.wwwarcelona.net\/wp-content\/uploads\/2025\/06\/pexels-jplenio-1103969-1366x911.jpg 1366w, https:\/\/ddluxurycar.wwwarcelona.net\/wp-content\/uploads\/2025\/06\/pexels-jplenio-1103969-1600x1067.jpg 1600w, https:\/\/ddluxurycar.wwwarcelona.net\/wp-content\/uploads\/2025\/06\/pexels-jplenio-1103969-1920x1280.jpg 1920w\" sizes=\"(max-width: 2560px) 100vw, 2560px\" \/>\t\t\t\t\t\t\t\t\t\t\t\t\t\t\t<\/div>\n\t\t\t\t<\/div>\n\t\t\t\t<\/div>\n\t\t\t\t\t<\/div>\n\t\t\t\t<\/div>\n\t\t<div class=\"elementor-element elementor-element-601c591 e-flex e-con-boxed e-con e-parent\" data-id=\"601c591\" data-element_type=\"container\" data-e-type=\"container\">\n\t\t\t\t\t<div class=\"e-con-inner\">\n\t\t<div class=\"elementor-element elementor-element-1512f15 e-con-full e-flex e-con e-child\" data-id=\"1512f15\" data-element_type=\"container\" data-e-type=\"container\">\n\t\t\t\t<div class=\"elementor-element elementor-element-d623c74 elementor-widget elementor-widget-heading\" data-id=\"d623c74\" data-element_type=\"widget\" data-e-type=\"widget\" data-widget_type=\"heading.default\">\n\t\t\t\t<div class=\"elementor-widget-container\">\n\t\t\t\t\t<h2 class=\"elementor-heading-title elementor-size-default\">Francia: elegancia discreta y encanto de la Costa Azul\n<\/h2>\t\t\t\t<\/div>\n\t\t\t\t<\/div>\n\t\t\t\t<div class=\"elementor-element elementor-element-1fd4abb elementor-widget-divider--view-line elementor-widget elementor-widget-divider\" data-id=\"1fd4abb\" data-element_type=\"widget\" data-e-type=\"widget\" data-widget_type=\"divider.default\">\n\t\t\t\t<div class=\"elementor-widget-container\">\n\t\t\t\t\t\t\t<div class=\"elementor-divider\">\n\t\t\t<span class=\"elementor-divider-separator\">\n\t\t\t\t\t\t<\/span>\n\t\t<\/div>\n\t\t\t\t\t\t<\/div>\n\t\t\t\t<\/div>\n\t\t\t\t<div class=\"elementor-element elementor-element-ce60b40 elementor-widget elementor-widget-text-editor\" data-id=\"ce60b40\" data-element_type=\"widget\" data-e-type=\"widget\" data-widget_type=\"text-editor.default\">\n\t\t\t\t<div class=\"elementor-widget-container\">\n\t\t\t\t\t\t\t\t\t<p><span style=\"font-weight: 400;\">Francia ofrece un enfoque m\u00e1s refinado de la conducci\u00f3n de lujo. Aunque no est\u00e1 tan centrado en las prestaciones como Alemania, el mercado franc\u00e9s destaca en estilo y confort. Cuando consideres    <\/span><b>alquiler de coches de lujo en pa\u00edses europeos<\/b><span style=\"font-weight: 400;\">Francia atrae a quienes buscan elegancia, sobre todo en la Costa Azul.<\/span><\/p><h3><b>Lo que define la escena del alquiler en Francia:<\/b><\/h3><ul><li style=\"font-weight: 400;\" aria-level=\"1\"><b>Atractivo est\u00e9tico<\/b><span style=\"font-weight: 400;\">: A menudo ver\u00e1s modelos elegantes como el <\/span><a href=\"https:\/\/ddluxurycar.wwwarcelona.net\/es\/car\/range-rover-sport\/\"><b>Range Rover Sport<\/b><span style=\"font-weight: 400;\">, <\/span><\/a><b>Maserati Levante<\/b><span style=\"font-weight: 400;\">o el <\/span><b>Mercedes-Benz Clase S<\/b><span style=\"font-weight: 400;\"> desliz\u00e1ndote por la Costa Azul.<\/span><\/li><li style=\"font-weight: 400;\" aria-level=\"1\"><b>Conciencia ecol\u00f3gica<\/b><span style=\"font-weight: 400;\">: Francia tiene una normativa estricta sobre emisiones, sobre todo en las ciudades. Muchas flotas de alquiler de lujo ofrecen h\u00edbridos enchufables o alternativas totalmente el\u00e9ctricas. <\/span><\/li><li style=\"font-weight: 400;\" aria-level=\"1\"><b>Precios medios<\/b><span style=\"font-weight: 400;\">: Los costes de alquiler se sit\u00faan entre Alemania y Espa\u00f1a. Encontrar\u00e1s veh\u00edculos de gama alta, pero quiz\u00e1 con menos caballos. <\/span><\/li><\/ul><p><span style=\"font-weight: 400;\">Durante uno de mis viajes, conduje un <\/span><b>Mercedes G63 AMG<\/b><span style=\"font-weight: 400;\">  a lo largo de la costa mediterr\u00e1nea, de Niza a Cannes. La atenci\u00f3n que atrajo el veh\u00edculo, junto con el impresionante tel\u00f3n de fondo costero, lo convirtieron en una experiencia perfecta. <\/span><\/p><p><span style=\"font-weight: 400;\">Aun as\u00ed, aparcar en grandes ciudades como Par\u00eds puede ser una pesadilla, y las zonas de emisiones (ZFE) requieren pegatinas o autorizaciones espec\u00edficas, as\u00ed que prep\u00e1rate.<\/span><\/p>\t\t\t\t\t\t\t\t<\/div>\n\t\t\t\t<\/div>\n\t\t\t\t<\/div>\n\t\t<div class=\"elementor-element elementor-element-d4f5b60 e-con-full e-flex e-con e-child\" data-id=\"d4f5b60\" data-element_type=\"container\" data-e-type=\"container\">\n\t\t\t\t<div class=\"elementor-element elementor-element-29769a6 elementor-widget elementor-widget-image\" data-id=\"29769a6\" data-element_type=\"widget\" data-e-type=\"widget\" data-widget_type=\"image.default\">\n\t\t\t\t<div class=\"elementor-widget-container\">\n\t\t\t\t\t\t\t\t\t\t\t\t\t\t\t<img decoding=\"async\" width=\"2560\" height=\"1440\" src=\"https:\/\/ddluxurycar.wwwarcelona.net\/wp-content\/uploads\/2025\/06\/pexels-mikebirdy-116675-scaled.jpg\" class=\"attachment-full size-full wp-image-3735\" alt=\"luxury car rental in European countries\" srcset=\"https:\/\/ddluxurycar.wwwarcelona.net\/wp-content\/uploads\/2025\/06\/pexels-mikebirdy-116675-scaled.jpg 2560w, https:\/\/ddluxurycar.wwwarcelona.net\/wp-content\/uploads\/2025\/06\/pexels-mikebirdy-116675-scaled-600x338.jpg 600w, https:\/\/ddluxurycar.wwwarcelona.net\/wp-content\/uploads\/2025\/06\/pexels-mikebirdy-116675-300x169.jpg 300w, https:\/\/ddluxurycar.wwwarcelona.net\/wp-content\/uploads\/2025\/06\/pexels-mikebirdy-116675-1024x576.jpg 1024w, https:\/\/ddluxurycar.wwwarcelona.net\/wp-content\/uploads\/2025\/06\/pexels-mikebirdy-116675-768x432.jpg 768w, https:\/\/ddluxurycar.wwwarcelona.net\/wp-content\/uploads\/2025\/06\/pexels-mikebirdy-116675-1536x864.jpg 1536w, https:\/\/ddluxurycar.wwwarcelona.net\/wp-content\/uploads\/2025\/06\/pexels-mikebirdy-116675-2048x1152.jpg 2048w, https:\/\/ddluxurycar.wwwarcelona.net\/wp-content\/uploads\/2025\/06\/pexels-mikebirdy-116675-180x101.jpg 180w, https:\/\/ddluxurycar.wwwarcelona.net\/wp-content\/uploads\/2025\/06\/pexels-mikebirdy-116675-360x203.jpg 360w, https:\/\/ddluxurycar.wwwarcelona.net\/wp-content\/uploads\/2025\/06\/pexels-mikebirdy-116675-640x360.jpg 640w, https:\/\/ddluxurycar.wwwarcelona.net\/wp-content\/uploads\/2025\/06\/pexels-mikebirdy-116675-1366x769.jpg 1366w, https:\/\/ddluxurycar.wwwarcelona.net\/wp-content\/uploads\/2025\/06\/pexels-mikebirdy-116675-1600x900.jpg 1600w, https:\/\/ddluxurycar.wwwarcelona.net\/wp-content\/uploads\/2025\/06\/pexels-mikebirdy-116675-1920x1080.jpg 1920w\" sizes=\"(max-width: 2560px) 100vw, 2560px\" \/>\t\t\t\t\t\t\t\t\t\t\t\t\t\t\t<\/div>\n\t\t\t\t<\/div>\n\t\t\t\t<\/div>\n\t\t\t\t\t<\/div>\n\t\t\t\t<\/div>\n\t\t<div class=\"elementor-element elementor-element-5fb82f5 e-flex e-con-boxed e-con e-parent\" data-id=\"5fb82f5\" data-element_type=\"container\" data-e-type=\"container\">\n\t\t\t\t\t<div class=\"e-con-inner\">\n\t\t<div class=\"elementor-element elementor-element-4fff835 e-con-full e-flex e-con e-child\" data-id=\"4fff835\" data-element_type=\"container\" data-e-type=\"container\">\n\t\t\t\t<div class=\"elementor-element elementor-element-d3326f8 elementor-widget elementor-widget-heading\" data-id=\"d3326f8\" data-element_type=\"widget\" data-e-type=\"widget\" data-widget_type=\"heading.default\">\n\t\t\t\t<div class=\"elementor-widget-container\">\n\t\t\t\t\t<h2 class=\"elementor-heading-title elementor-size-default\">Italia: coraz\u00f3n, alma y potencia\n<\/h2>\t\t\t\t<\/div>\n\t\t\t\t<\/div>\n\t\t\t\t<div class=\"elementor-element elementor-element-bfd5744 elementor-widget-divider--view-line elementor-widget elementor-widget-divider\" data-id=\"bfd5744\" data-element_type=\"widget\" data-e-type=\"widget\" data-widget_type=\"divider.default\">\n\t\t\t\t<div class=\"elementor-widget-container\">\n\t\t\t\t\t\t\t<div class=\"elementor-divider\">\n\t\t\t<span class=\"elementor-divider-separator\">\n\t\t\t\t\t\t<\/span>\n\t\t<\/div>\n\t\t\t\t\t\t<\/div>\n\t\t\t\t<\/div>\n\t\t\t\t<div class=\"elementor-element elementor-element-caf6b94 elementor-widget elementor-widget-text-editor\" data-id=\"caf6b94\" data-element_type=\"widget\" data-e-type=\"widget\" data-widget_type=\"text-editor.default\">\n\t\t\t\t<div class=\"elementor-widget-container\">\n\t\t\t\t\t\t\t\t\t<p><span style=\"font-weight: 400;\">Si te apasionan los coches, el arte y los paisajes espectaculares, Italia puede ser tu destino definitivo. Como cuna de marcas legendarias como Ferrari, Lamborghini y Maserati, sin duda es el epicentro emocional de   <\/span><b>alquiler de coches de lujo en pa\u00edses europeos<\/b><span style=\"font-weight: 400;\">.<\/span><\/p><h3><b>Lo que hace que Italia sea verdaderamente inolvidable:<\/b><\/h3><ul><li style=\"font-weight: 400;\" aria-level=\"1\"><b>Para empezar, es una patria de supercoches<\/b><span style=\"font-weight: 400;\">: Conducir un <\/span><a href=\"https:\/\/ddluxurycar.wwwarcelona.net\/es\/car\/ferrari-roma-spyder\/\"><b>Ferrari Roma<\/b><\/a><span style=\"font-weight: 400;\"> o un <\/span><b>Lamborghini Hurac\u00e1n Evo Spyder<\/b><span style=\"font-weight: 400;\"> cerca de Maranello es, literalmente, el equivalente automovil\u00edstico de una peregrinaci\u00f3n, como visitar el Vaticano para un cat\u00f3lico devoto.<\/span><span style=\"font-weight: 400;\"><br><br><\/span><\/li><li style=\"font-weight: 400;\" aria-level=\"1\"><b>Adem\u00e1s, es una sobrecarga sensorial<\/b><span style=\"font-weight: 400;\">: El rugido del motor reverberando por las colinas toscanas o por las sinuosas carreteras de la Costa Amalfitana ofrece un fest\u00edn tanto para los o\u00eddos como para el alma.<\/span><span style=\"font-weight: 400;\"><br><br><\/span><\/li><li style=\"font-weight: 400;\" aria-level=\"1\"><b>Adem\u00e1s, los escenarios son dram\u00e1ticos y variados<\/b><span style=\"font-weight: 400;\">: Desde las antiguas calles de Roma a la elegancia de Florencia, el romanticismo de Venecia y el encanto ba\u00f1ado por el sol de Sicilia, cada regi\u00f3n cuenta su propia historia.<\/span><span style=\"font-weight: 400;\"><br><br><\/span><\/li><\/ul><p><span style=\"font-weight: 400;\">Personalmente, tuve la incre\u00edble oportunidad de alquilar un <\/span><b>Lamborghini Temerario Spider<\/b><span style=\"font-weight: 400;\"> desde Florencia, y lo llev\u00e9 en un viaje inolvidable por la regi\u00f3n vin\u00edcola de Chianti. <\/span><b>A medida que avanz\u00e1bamos<\/b><span style=\"font-weight: 400;\">El coche se adaptaba a cada curva de la carretera con tal precisi\u00f3n que parec\u00eda haber sido dise\u00f1ado espec\u00edficamente para ese terreno. No era s\u00f3lo una conducci\u00f3n &#8211;   <\/span><b>m\u00e1s bien<\/b><span style=\"font-weight: 400;\">se convirti\u00f3 en una danza con el paisaje, una conmovedora sinfon\u00eda de poder y belleza.<\/span><\/p><p><span style=\"font-weight: 400;\">Dicho esto <\/span><b>es importante tener en cuenta<\/b><span style=\"font-weight: 400;\"> que Italia suele ser m\u00e1s cara que otros pa\u00edses, sobre todo durante la temporada alta de verano. <\/span><b>Adem\u00e1s<\/b><span style=\"font-weight: 400;\">los h\u00e1bitos de conducci\u00f3n locales pueden ser algo ca\u00f3ticos en comparaci\u00f3n con otras partes de Europa. <\/span><b>Por tanto,<\/b><span style=\"font-weight: 400;\">tener una mano segura al volante no s\u00f3lo es recomendable, sino esencial.<\/span><\/p>\t\t\t\t\t\t\t\t<\/div>\n\t\t\t\t<\/div>\n\t\t\t\t<\/div>\n\t\t\t\t\t<\/div>\n\t\t\t\t<\/div>\n\t\t<div class=\"elementor-element elementor-element-7cca5f0 e-flex e-con-boxed e-con e-parent\" data-id=\"7cca5f0\" data-element_type=\"container\" data-e-type=\"container\">\n\t\t\t\t\t<div class=\"e-con-inner\">\n\t\t<div class=\"elementor-element elementor-element-79feb45 e-con-full e-flex e-con e-child\" data-id=\"79feb45\" data-element_type=\"container\" data-e-type=\"container\">\n\t\t\t\t<div class=\"elementor-element elementor-element-d91cbfb elementor-widget elementor-widget-heading\" data-id=\"d91cbfb\" data-element_type=\"widget\" data-e-type=\"widget\" data-widget_type=\"heading.default\">\n\t\t\t\t<div class=\"elementor-widget-container\">\n\t\t\t\t\t<h2 class=\"elementor-heading-title elementor-size-default\">Espa\u00f1a: donde la versatilidad se une al valor\n<\/h2>\t\t\t\t<\/div>\n\t\t\t\t<\/div>\n\t\t\t\t<div class=\"elementor-element elementor-element-2609370 elementor-widget-divider--view-line elementor-widget elementor-widget-divider\" data-id=\"2609370\" data-element_type=\"widget\" data-e-type=\"widget\" data-widget_type=\"divider.default\">\n\t\t\t\t<div class=\"elementor-widget-container\">\n\t\t\t\t\t\t\t<div class=\"elementor-divider\">\n\t\t\t<span class=\"elementor-divider-separator\">\n\t\t\t\t\t\t<\/span>\n\t\t<\/div>\n\t\t\t\t\t\t<\/div>\n\t\t\t\t<\/div>\n\t\t\t\t<div class=\"elementor-element elementor-element-a807e6a elementor-widget elementor-widget-text-editor\" data-id=\"a807e6a\" data-element_type=\"widget\" data-e-type=\"widget\" data-widget_type=\"text-editor.default\">\n\t\t\t\t<div class=\"elementor-widget-container\">\n\t\t\t\t\t\t\t\t\t<p><span style=\"font-weight: 400;\">A menudo se subestima a Espa\u00f1a en el mundo de los veh\u00edculos de alta gama, pero he descubierto que ofrece quiz\u00e1s la mejor relaci\u00f3n calidad-precio cuando se considera <\/span><b>alquiler de coches de lujo en pa\u00edses europeos<\/b><span style=\"font-weight: 400;\">. Desde costas ba\u00f1adas por el sol hasta ciudades hist\u00f3ricas y rutas monta\u00f1osas, Espa\u00f1a es un destino vers\u00e1til para cualquier tipo de viaje por carretera.<\/span><\/p><h3><b>Qu\u00e9 ofrece Espa\u00f1a:<\/b><\/h3><ul><li style=\"font-weight: 400;\" aria-level=\"1\"><b>Excelente relaci\u00f3n calidad-precio<\/b><span style=\"font-weight: 400;\">: Empresas como DDSportscar ofrecen una amplia variedad de veh\u00edculos, desde el <\/span><b>Rolls-Royce Cullinan<\/b><span style=\"font-weight: 400;\"> hasta el <\/span><b>McLaren 720S<\/b><span style=\"font-weight: 400;\"> &#8211; a precios m\u00e1s asequibles.<\/span><p> <\/p><\/li><li style=\"font-weight: 400;\" aria-level=\"1\"><b>Diversos entornos de conducci\u00f3n<\/b><span style=\"font-weight: 400;\">: Navega por la costa de Barcelona, asciende a Sierra Nevada o explora Ibiza con la capota bajada en un <\/span><b>Bentley Continental GTC<\/b><span style=\"font-weight: 400;\">.<\/span><p> <\/p><\/li><li style=\"font-weight: 400;\" aria-level=\"1\"><b>Pol\u00edticas de alquiler f\u00e1ciles de usar<\/b><span style=\"font-weight: 400;\">: La normativa suele ser menos restrictiva que en Francia o Alemania, con paquetes de seguros y kilometraje m\u00e1s flexibles.<\/span><p> <\/p><\/li><\/ul><p><span style=\"font-weight: 400;\">Mi viaje m\u00e1s reciente consisti\u00f3 en conducir un <\/span><b>Ferrari Portofino M<\/b><span style=\"font-weight: 400;\">  a lo largo de la Costa del Sol. La combinaci\u00f3n de vistas al mar, tr\u00e1fico ligero y carreteras suaves lo convirtieron en un entorno perfecto para disfrutar de cada cambio de marcha. <\/span><\/p><p><span style=\"font-weight: 400;\">Adem\u00e1s, muchas empresas espa\u00f1olas ofrecen servicios de entrega y recogida en tu hotel o villa, un lujo que a\u00f1ade comodidad y clase a tu experiencia.<\/span><\/p>\t\t\t\t\t\t\t\t<\/div>\n\t\t\t\t<\/div>\n\t\t\t\t<\/div>\n\t\t<div class=\"elementor-element elementor-element-e93df4c e-con-full e-flex e-con e-child\" data-id=\"e93df4c\" data-element_type=\"container\" data-e-type=\"container\">\n\t\t\t\t<div class=\"elementor-element elementor-element-60cb8e4 elementor-widget elementor-widget-image\" data-id=\"60cb8e4\" data-element_type=\"widget\" data-e-type=\"widget\" data-widget_type=\"image.default\">\n\t\t\t\t<div class=\"elementor-widget-container\">\n\t\t\t\t\t\t\t\t\t\t\t\t\t\t\t<img decoding=\"async\" width=\"2560\" height=\"1710\" src=\"https:\/\/ddluxurycar.wwwarcelona.net\/wp-content\/uploads\/2025\/06\/pexels-m-c-256419727-14834539-scaled.jpg\" class=\"attachment-full size-full wp-image-3756\" alt=\"\" srcset=\"https:\/\/ddluxurycar.wwwarcelona.net\/wp-content\/uploads\/2025\/06\/pexels-m-c-256419727-14834539-scaled.jpg 2560w, https:\/\/ddluxurycar.wwwarcelona.net\/wp-content\/uploads\/2025\/06\/pexels-m-c-256419727-14834539-scaled-600x401.jpg 600w, https:\/\/ddluxurycar.wwwarcelona.net\/wp-content\/uploads\/2025\/06\/pexels-m-c-256419727-14834539-300x200.jpg 300w, https:\/\/ddluxurycar.wwwarcelona.net\/wp-content\/uploads\/2025\/06\/pexels-m-c-256419727-14834539-1024x684.jpg 1024w, https:\/\/ddluxurycar.wwwarcelona.net\/wp-content\/uploads\/2025\/06\/pexels-m-c-256419727-14834539-768x513.jpg 768w, https:\/\/ddluxurycar.wwwarcelona.net\/wp-content\/uploads\/2025\/06\/pexels-m-c-256419727-14834539-1536x1026.jpg 1536w, https:\/\/ddluxurycar.wwwarcelona.net\/wp-content\/uploads\/2025\/06\/pexels-m-c-256419727-14834539-2048x1368.jpg 2048w, https:\/\/ddluxurycar.wwwarcelona.net\/wp-content\/uploads\/2025\/06\/pexels-m-c-256419727-14834539-180x120.jpg 180w, https:\/\/ddluxurycar.wwwarcelona.net\/wp-content\/uploads\/2025\/06\/pexels-m-c-256419727-14834539-360x240.jpg 360w, https:\/\/ddluxurycar.wwwarcelona.net\/wp-content\/uploads\/2025\/06\/pexels-m-c-256419727-14834539-640x427.jpg 640w, https:\/\/ddluxurycar.wwwarcelona.net\/wp-content\/uploads\/2025\/06\/pexels-m-c-256419727-14834539-1366x912.jpg 1366w, https:\/\/ddluxurycar.wwwarcelona.net\/wp-content\/uploads\/2025\/06\/pexels-m-c-256419727-14834539-1600x1069.jpg 1600w, https:\/\/ddluxurycar.wwwarcelona.net\/wp-content\/uploads\/2025\/06\/pexels-m-c-256419727-14834539-1920x1282.jpg 1920w\" sizes=\"(max-width: 2560px) 100vw, 2560px\" \/>\t\t\t\t\t\t\t\t\t\t\t\t\t\t\t<\/div>\n\t\t\t\t<\/div>\n\t\t\t\t<\/div>\n\t\t\t\t\t<\/div>\n\t\t\t\t<\/div>\n\t\t<div class=\"elementor-element elementor-element-0e4d9a6 e-flex e-con-boxed e-con e-parent\" data-id=\"0e4d9a6\" data-element_type=\"container\" data-e-type=\"container\">\n\t\t\t\t\t<div class=\"e-con-inner\">\n\t\t<div class=\"elementor-element elementor-element-b8277cc e-con-full e-flex e-con e-child\" data-id=\"b8277cc\" data-element_type=\"container\" data-e-type=\"container\">\n\t\t\t\t<div class=\"elementor-element elementor-element-489679f elementor-widget elementor-widget-heading\" data-id=\"489679f\" data-element_type=\"widget\" data-e-type=\"widget\" data-widget_type=\"heading.default\">\n\t\t\t\t<div class=\"elementor-widget-container\">\n\t\t\t\t\t<h2 class=\"elementor-heading-title elementor-size-default\">Resumen de las principales diferencias\n<\/h2>\t\t\t\t<\/div>\n\t\t\t\t<\/div>\n\t\t\t\t<div class=\"elementor-element elementor-element-18ef9fd elementor-widget-divider--view-line elementor-widget elementor-widget-divider\" data-id=\"18ef9fd\" data-element_type=\"widget\" data-e-type=\"widget\" data-widget_type=\"divider.default\">\n\t\t\t\t<div class=\"elementor-widget-container\">\n\t\t\t\t\t\t\t<div class=\"elementor-divider\">\n\t\t\t<span class=\"elementor-divider-separator\">\n\t\t\t\t\t\t<\/span>\n\t\t<\/div>\n\t\t\t\t\t\t<\/div>\n\t\t\t\t<\/div>\n\t\t\t\t<div class=\"elementor-element elementor-element-256bdee elementor-widget elementor-widget-text-editor\" data-id=\"256bdee\" data-element_type=\"widget\" data-e-type=\"widget\" data-widget_type=\"text-editor.default\">\n\t\t\t\t<div class=\"elementor-widget-container\">\n\t\t\t\t\t\t\t\t\t<p><span style=\"font-weight: 400;\">Aqu\u00ed tienes una r\u00e1pida tabla comparativa para facilitar la toma de decisiones:<\/span><\/p><table><tbody><tr><td><p><b>Pa\u00eds<\/b><\/p><\/td><td><p><b>Avg. Precio diario <\/b><\/p><\/td><td><p><b>Modelos notables<\/b><\/p><\/td><td><p><b>Estilo de conducci\u00f3n<\/b><\/p><\/td><td><p><b>Experiencia destacada<\/b><\/p><\/td><\/tr><tr><td><p><span style=\"font-weight: 400;\">Alemania<\/span><\/p><\/td><td><p><span style=\"font-weight: 400;\">\u20ac400 &#8211; \u20ac900<\/span><\/p><\/td><td><p><span style=\"font-weight: 400;\">Porsche, Audi RS, Mercedes-AMG<\/span><\/p><\/td><td><p><span style=\"font-weight: 400;\">R\u00e1pido, fluido, t\u00e9cnico<\/span><\/p><\/td><td><p><span style=\"font-weight: 400;\">Aventuras en autobahn a velocidad ilimitada<\/span><\/p><\/td><\/tr><tr><td><p><span style=\"font-weight: 400;\">Francia<\/span><\/p><\/td><td><p><span style=\"font-weight: 400;\">\u20ac350 &#8211; \u20ac750<\/span><\/p><\/td><td><p><span style=\"font-weight: 400;\">Maserati, Range Rover, Mercedes-Benz<\/span><\/p><\/td><td><p><span style=\"font-weight: 400;\">Elegante, urbano<\/span><\/p><\/td><td><p><span style=\"font-weight: 400;\">Crucero chic por la Costa Azul<\/span><\/p><\/td><\/tr><tr><td><p><span style=\"font-weight: 400;\">Italia<\/span><\/p><\/td><td><p><span style=\"font-weight: 400;\">\u20ac500 &#8211; \u20ac1,200<\/span><\/p><\/td><td><p><span style=\"font-weight: 400;\">Ferrari, Lamborghini, Maserati<\/span><\/p><\/td><td><p><span style=\"font-weight: 400;\">Apasionado, esc\u00e9nico<\/span><\/p><\/td><td><p><span style=\"font-weight: 400;\">Paseos en supercoche por la Toscana o la Costa Amalfitana<\/span><\/p><\/td><\/tr><tr><td><p><span style=\"font-weight: 400;\">Espa\u00f1a<\/span><\/p><\/td><td><p><span style=\"font-weight: 400;\">\u20ac300 &#8211; \u20ac800<\/span><\/p><\/td><td><p><span style=\"font-weight: 400;\">Bentley, Ferrari, McLaren, Rolls-Royce<\/span><\/p><\/td><td><p><span style=\"font-weight: 400;\">Variado, relajado<\/span><\/p><\/td><td><p><span style=\"font-weight: 400;\">Conducciones costeras con comodidad y estilo<\/span><\/p><\/td><\/tr><\/tbody><\/table>\t\t\t\t\t\t\t\t<\/div>\n\t\t\t\t<\/div>\n\t\t\t\t<\/div>\n\t\t\t\t\t<\/div>\n\t\t\t\t<\/div>\n\t\t<div class=\"elementor-element elementor-element-ff94bf9 e-flex e-con-boxed e-con e-parent\" data-id=\"ff94bf9\" data-element_type=\"container\" data-e-type=\"container\">\n\t\t\t\t\t<div class=\"e-con-inner\">\n\t\t<div class=\"elementor-element elementor-element-46211d6 e-con-full e-flex e-con e-child\" data-id=\"46211d6\" data-element_type=\"container\" data-e-type=\"container\">\n\t\t\t\t<div class=\"elementor-element elementor-element-dfd104c elementor-widget elementor-widget-heading\" data-id=\"dfd104c\" data-element_type=\"widget\" data-e-type=\"widget\" data-widget_type=\"heading.default\">\n\t\t\t\t<div class=\"elementor-widget-container\">\n\t\t\t\t\t<h2 class=\"elementor-heading-title elementor-size-default\">Consejos para alquilar coches de lujo en Europa\n<\/h2>\t\t\t\t<\/div>\n\t\t\t\t<\/div>\n\t\t\t\t<div class=\"elementor-element elementor-element-8044363 elementor-widget-divider--view-line elementor-widget elementor-widget-divider\" data-id=\"8044363\" data-element_type=\"widget\" data-e-type=\"widget\" data-widget_type=\"divider.default\">\n\t\t\t\t<div class=\"elementor-widget-container\">\n\t\t\t\t\t\t\t<div class=\"elementor-divider\">\n\t\t\t<span class=\"elementor-divider-separator\">\n\t\t\t\t\t\t<\/span>\n\t\t<\/div>\n\t\t\t\t\t\t<\/div>\n\t\t\t\t<\/div>\n\t\t\t\t<div class=\"elementor-element elementor-element-c1b1073 elementor-widget elementor-widget-text-editor\" data-id=\"c1b1073\" data-element_type=\"widget\" data-e-type=\"widget\" data-widget_type=\"text-editor.default\">\n\t\t\t\t<div class=\"elementor-widget-container\">\n\t\t\t\t\t\t\t\t\t<p><span style=\"font-weight: 400;\">Despu\u00e9s de haber alquilado coches de lujo en varios pa\u00edses, he aprendido muchas lecciones valiosas, a menudo por las malas. <\/span><b>Para ayudarte a evitar los mismos errores<\/b><span style=\"font-weight: 400;\">aqu\u00ed tienes algunos consejos que siempre tengo en cuenta:<\/span><\/p><ul><li style=\"font-weight: 400;\" aria-level=\"1\"><b>En primer lugar, compara no s\u00f3lo los precios, sino tambi\u00e9n lo que incluye<\/b><span style=\"font-weight: 400;\">: Aunque un alquiler pueda parecer m\u00e1s barato a primera vista, puede que no cubra aspectos esenciales como el seguro, la entrega del veh\u00edculo o el kilometraje ilimitado, todo lo cual puede afectar significativamente al coste final.<\/span><span style=\"font-weight: 400;\"><br><br><\/span><\/li><li style=\"font-weight: 400;\" aria-level=\"1\"><b>En segundo lugar, aseg\u00farate de reservar con antelaci\u00f3n para los meses de verano<\/b><span style=\"font-weight: 400;\">: Especialmente en destinos populares como Italia y Espa\u00f1a, la disponibilidad disminuye dr\u00e1sticamente entre junio y agosto. <\/span><b>Reservando con antelaci\u00f3n<\/b><span style=\"font-weight: 400;\">tendr\u00e1s m\u00e1s opciones de veh\u00edculos y mejores tarifas.<\/span><span style=\"font-weight: 400;\"><br><br><\/span><\/li><li style=\"font-weight: 400;\" aria-level=\"1\"><b>Adem\u00e1s, aseg\u00farate de conocer la normativa local<\/b><span style=\"font-weight: 400;\">: Por ejemplo, en Francia, la pegatina de emisiones Crit&#8217;Air es obligatoria en la mayor\u00eda de los centros urbanos. <\/span><b>El incumplimiento<\/b><span style=\"font-weight: 400;\"> puede acarrear multas o restricciones de acceso.<\/span><span style=\"font-weight: 400;\"><br><br><\/span><\/li><li style=\"font-weight: 400;\" aria-level=\"1\"><b>Adem\u00e1s, t\u00f3mate siempre tiempo para inspeccionar el coche antes y despu\u00e9s de su alquiler<\/b><span style=\"font-weight: 400;\">: Te recomiendo encarecidamente que hagas fotos claras y v\u00eddeos cortos. <\/span><b>Este sencillo paso<\/b><span style=\"font-weight: 400;\"> puede ayudarte a evitar disputas innecesarias cuando se trate de posibles reclamaciones por da\u00f1os.<\/span><span style=\"font-weight: 400;\"><br><br><\/span><\/li><li style=\"font-weight: 400;\" aria-level=\"1\"><b>Por \u00faltimo, no olvides preguntar por las restricciones fronterizas internacionales<\/b><span style=\"font-weight: 400;\">: Algunos contratos de alquiler proh\u00edben conducir el veh\u00edculo en otros pa\u00edses, especialmente con modelos de altas prestaciones. <\/span><b>Confirmarlo de antemano<\/b><span style=\"font-weight: 400;\"> puede ahorrarte dolores de cabeza log\u00edsticos o sanciones posteriores.<\/span><\/li><\/ul>\t\t\t\t\t\t\t\t<\/div>\n\t\t\t\t<\/div>\n\t\t\t\t<\/div>\n\t\t\t\t\t<\/div>\n\t\t\t\t<\/div>\n\t\t<div class=\"elementor-element elementor-element-3b32bda e-flex e-con-boxed e-con e-parent\" data-id=\"3b32bda\" data-element_type=\"container\" data-e-type=\"container\">\n\t\t\t\t\t<div class=\"e-con-inner\">\n\t\t<div class=\"elementor-element elementor-element-2c08751 e-con-full e-flex e-con e-child\" data-id=\"2c08751\" data-element_type=\"container\" data-e-type=\"container\">\n\t\t\t\t<div class=\"elementor-element elementor-element-980c6b1 elementor-widget elementor-widget-heading\" data-id=\"980c6b1\" data-element_type=\"widget\" data-e-type=\"widget\" data-widget_type=\"heading.default\">\n\t\t\t\t<div class=\"elementor-widget-container\">\n\t\t\t\t\t<h2 class=\"elementor-heading-title elementor-size-default\">Reflexiones finales: \u00bfqu\u00e9 pa\u00eds es el adecuado para ti?\n<\/h2>\t\t\t\t<\/div>\n\t\t\t\t<\/div>\n\t\t\t\t<div class=\"elementor-element elementor-element-990b8c5 elementor-widget-divider--view-line elementor-widget elementor-widget-divider\" data-id=\"990b8c5\" data-element_type=\"widget\" data-e-type=\"widget\" data-widget_type=\"divider.default\">\n\t\t\t\t<div class=\"elementor-widget-container\">\n\t\t\t\t\t\t\t<div class=\"elementor-divider\">\n\t\t\t<span class=\"elementor-divider-separator\">\n\t\t\t\t\t\t<\/span>\n\t\t<\/div>\n\t\t\t\t\t\t<\/div>\n\t\t\t\t<\/div>\n\t\t\t\t<div class=\"elementor-element elementor-element-2ca20e5 elementor-widget elementor-widget-text-editor\" data-id=\"2ca20e5\" data-element_type=\"widget\" data-e-type=\"widget\" data-widget_type=\"text-editor.default\">\n\t\t\t\t<div class=\"elementor-widget-container\">\n\t\t\t\t\t\t\t\t\t<p><span style=\"font-weight: 400;\">Tras a\u00f1os de experiencia y cientos de kil\u00f3metros al volante, puedo afirmar con seguridad que elegir el mejor pa\u00eds para <\/span><b>alquiler de coches de lujo en pa\u00edses europeos<\/b><span style=\"font-weight: 400;\"> depende en \u00faltima instancia de tu estilo personal, tus preferencias y tus objetivos de viaje. <\/span><b>Para orientar tu decisi\u00f3n<\/b><span style=\"font-weight: 400;\">ten en cuenta lo siguiente:<\/span><\/p><ul><li style=\"font-weight: 400;\" aria-level=\"1\"><b>Si lo que buscas es rendimiento y precisi\u00f3n<\/b><span style=\"font-weight: 400;\">entonces Alemania es sin duda tu lugar. Con sus legendarias autopistas y sus veh\u00edculos finamente dise\u00f1ados, es un para\u00edso para los amantes de la velocidad. <\/span><span style=\"font-weight: 400;\"><br><br><\/span><\/li><li style=\"font-weight: 400;\" aria-level=\"1\"><b>En cambio, si te apetece encanto y un dise\u00f1o sofisticado<\/b><span style=\"font-weight: 400;\">Francia es tu destino ideal. Combina elegancia, cultura y bellos paisajes urbanos en perfecta armon\u00eda. <\/span><span style=\"font-weight: 400;\"><br><br><\/span><\/li><li style=\"font-weight: 400;\" aria-level=\"1\"><b>Mientras tanto, si lo que te mueve es la pasi\u00f3n y el drama<\/b><span style=\"font-weight: 400;\">no busques m\u00e1s all\u00e1 de Italia. El hogar de Ferrari y Lamborghini ofrece carreteras y paisajes tan emocionantes como los propios coches. <\/span><span style=\"font-weight: 400;\"><br><br><\/span><\/li><li style=\"font-weight: 400;\" aria-level=\"1\"><b>Alternativamente, si buscas variedad y equilibrio<\/b><span style=\"font-weight: 400;\">Espa\u00f1a es un pa\u00eds fant\u00e1stico y polifac\u00e9tico. Ofrece de todo, desde impresionantes costas a vibrantes ciudades, todo ello con una gran mezcla de lujo y valor. <\/span><span style=\"font-weight: 400;\"><br><br><\/span><\/li><\/ul><p><b>No importa el pa\u00eds que elijas<\/b><span style=\"font-weight: 400;\">una cosa sigue siendo cierta <\/span><b>el alquiler de coches de lujo en Europa<\/b><span style=\"font-weight: 400;\">  convierte cualquier viaje en una road movie personal. El coche se convierte en tu coprotagonista, la carretera en tu plat\u00f3 cinematogr\u00e1fico y cada destino en una escena clave de tu inolvidable viaje. <\/span><\/p>\t\t\t\t\t\t\t\t<\/div>\n\t\t\t\t<\/div>\n\t\t\t\t<\/div>\n\t\t<div class=\"elementor-element elementor-element-0d6b4f7 e-con-full e-flex e-con e-child\" data-id=\"0d6b4f7\" data-element_type=\"container\" data-e-type=\"container\">\n\t\t\t\t<div class=\"elementor-element elementor-element-9d18b57 elementor-widget elementor-widget-image\" data-id=\"9d18b57\" data-element_type=\"widget\" data-e-type=\"widget\" data-widget_type=\"image.default\">\n\t\t\t\t<div class=\"elementor-widget-container\">\n\t\t\t\t\t\t\t\t\t\t\t\t\t\t\t<img loading=\"lazy\" decoding=\"async\" width=\"2560\" height=\"1707\" src=\"https:\/\/ddluxurycar.wwwarcelona.net\/wp-content\/uploads\/2025\/06\/pexels-mikebirdy-977003-scaled.jpg\" class=\"attachment-full size-full wp-image-3733\" alt=\"road trip with Maserati GranCabrio\" srcset=\"https:\/\/ddluxurycar.wwwarcelona.net\/wp-content\/uploads\/2025\/06\/pexels-mikebirdy-977003-scaled.jpg 2560w, https:\/\/ddluxurycar.wwwarcelona.net\/wp-content\/uploads\/2025\/06\/pexels-mikebirdy-977003-scaled-600x400.jpg 600w, https:\/\/ddluxurycar.wwwarcelona.net\/wp-content\/uploads\/2025\/06\/pexels-mikebirdy-977003-300x200.jpg 300w, https:\/\/ddluxurycar.wwwarcelona.net\/wp-content\/uploads\/2025\/06\/pexels-mikebirdy-977003-1024x683.jpg 1024w, https:\/\/ddluxurycar.wwwarcelona.net\/wp-content\/uploads\/2025\/06\/pexels-mikebirdy-977003-768x512.jpg 768w, https:\/\/ddluxurycar.wwwarcelona.net\/wp-content\/uploads\/2025\/06\/pexels-mikebirdy-977003-1536x1024.jpg 1536w, https:\/\/ddluxurycar.wwwarcelona.net\/wp-content\/uploads\/2025\/06\/pexels-mikebirdy-977003-2048x1365.jpg 2048w, https:\/\/ddluxurycar.wwwarcelona.net\/wp-content\/uploads\/2025\/06\/pexels-mikebirdy-977003-180x120.jpg 180w, https:\/\/ddluxurycar.wwwarcelona.net\/wp-content\/uploads\/2025\/06\/pexels-mikebirdy-977003-360x240.jpg 360w, https:\/\/ddluxurycar.wwwarcelona.net\/wp-content\/uploads\/2025\/06\/pexels-mikebirdy-977003-640x427.jpg 640w, https:\/\/ddluxurycar.wwwarcelona.net\/wp-content\/uploads\/2025\/06\/pexels-mikebirdy-977003-1366x911.jpg 1366w, https:\/\/ddluxurycar.wwwarcelona.net\/wp-content\/uploads\/2025\/06\/pexels-mikebirdy-977003-1600x1067.jpg 1600w, https:\/\/ddluxurycar.wwwarcelona.net\/wp-content\/uploads\/2025\/06\/pexels-mikebirdy-977003-1920x1280.jpg 1920w\" sizes=\"(max-width: 2560px) 100vw, 2560px\" \/>\t\t\t\t\t\t\t\t\t\t\t\t\t\t\t<\/div>\n\t\t\t\t<\/div>\n\t\t\t\t<\/div>\n\t\t\t\t\t<\/div>\n\t\t\t\t<\/div>\n\t\t\t\t<\/div>\n\t\t","protected":false},"excerpt":{"rendered":"<p>Tras a\u00f1os de experiencia y cientos de kil\u00f3metros al volante, puedo afirmar con seguridad que elegir el mejor pa\u00eds para alquilar un coche de lujo en los pa\u00edses europeos depende de tu estilo personal y de tus expectativas:<\/p>\n","protected":false},"author":7,"featured_media":3756,"comment_status":"closed","ping_status":"closed","sticky":false,"template":"","format":"standard","meta":{"_acf_changed":false,"inline_featured_image":false,"footnotes":""},"categories":[193],"tags":[],"class_list":["post-3755","post","type-post","status-publish","format-standard","has-post-thumbnail","hentry","category-coches-de-prestigio"],"acf":[],"yoast_head":"<!-- This site is optimized with the Yoast SEO plugin v27.5 - https:\/\/yoast.com\/product\/yoast-seo-wordpress\/ -->\n<title>Comparaci\u00f3n: alquiler de coches de lujo en pa\u00edses europeos<\/title>\n<meta name=\"description\" content=\"Descubre las diferencias en el alquiler de coches de lujo en pa\u00edses europeos como Alemania, Francia y Espa\u00f1a. Compara precios, modelos y estilos.\" \/>\n<meta name=\"robots\" content=\"index, follow, max-snippet:-1, max-image-preview:large, max-video-preview:-1\" \/>\n<link rel=\"canonical\" href=\"https:\/\/ddluxurycar.wwwarcelona.net\/es\/coches-de-prestigio\/comparacion-alquiler-de-coches-de-lujo-en-paises-europeos\/\" \/>\n<meta property=\"og:locale\" content=\"es_ES\" \/>\n<meta property=\"og:type\" content=\"article\" \/>\n<meta property=\"og:title\" content=\"Comparaci\u00f3n: alquiler de coches de lujo en pa\u00edses europeos\" \/>\n<meta property=\"og:description\" content=\"Descubre las diferencias en el alquiler de coches de lujo en pa\u00edses europeos como Alemania, Francia y Espa\u00f1a. Compara precios, modelos y estilos.\" \/>\n<meta property=\"og:url\" content=\"https:\/\/ddluxurycar.wwwarcelona.net\/es\/coches-de-prestigio\/comparacion-alquiler-de-coches-de-lujo-en-paises-europeos\/\" \/>\n<meta property=\"og:site_name\" content=\"wordpress\" \/>\n<meta property=\"article:published_time\" content=\"2025-06-05T08:14:29+00:00\" \/>\n<meta property=\"article:modified_time\" content=\"2025-07-04T08:18:28+00:00\" \/>\n<meta property=\"og:image\" content=\"https:\/\/ddluxurycar.wwwarcelona.net\/wp-content\/uploads\/2025\/06\/pexels-m-c-256419727-14834539-scaled.jpg\" \/>\n\t<meta property=\"og:image:width\" content=\"2560\" \/>\n\t<meta property=\"og:image:height\" content=\"1710\" \/>\n\t<meta property=\"og:image:type\" content=\"image\/jpeg\" \/>\n<meta name=\"author\" content=\"Support Wwwarcelona\" \/>\n<meta name=\"twitter:card\" content=\"summary_large_image\" \/>\n<meta name=\"twitter:label1\" content=\"Escrito por\" \/>\n\t<meta name=\"twitter:data1\" content=\"Support Wwwarcelona\" \/>\n\t<meta name=\"twitter:label2\" content=\"Tiempo de lectura\" \/>\n\t<meta name=\"twitter:data2\" content=\"9 minutos\" \/>\n<!-- \/ Yoast SEO plugin. -->","yoast_head_json":{"title":"Comparaci\u00f3n: alquiler de coches de lujo en pa\u00edses europeos","description":"Descubre las diferencias en el alquiler de coches de lujo en pa\u00edses europeos como Alemania, Francia y Espa\u00f1a. Compara precios, modelos y estilos.","robots":{"index":"index","follow":"follow","max-snippet":"max-snippet:-1","max-image-preview":"max-image-preview:large","max-video-preview":"max-video-preview:-1"},"canonical":"https:\/\/ddluxurycar.wwwarcelona.net\/es\/coches-de-prestigio\/comparacion-alquiler-de-coches-de-lujo-en-paises-europeos\/","og_locale":"es_ES","og_type":"article","og_title":"Comparaci\u00f3n: alquiler de coches de lujo en pa\u00edses europeos","og_description":"Descubre las diferencias en el alquiler de coches de lujo en pa\u00edses europeos como Alemania, Francia y Espa\u00f1a. Compara precios, modelos y estilos.","og_url":"https:\/\/ddluxurycar.wwwarcelona.net\/es\/coches-de-prestigio\/comparacion-alquiler-de-coches-de-lujo-en-paises-europeos\/","og_site_name":"wordpress","article_published_time":"2025-06-05T08:14:29+00:00","article_modified_time":"2025-07-04T08:18:28+00:00","og_image":[{"width":2560,"height":1710,"url":"https:\/\/ddluxurycar.wwwarcelona.net\/wp-content\/uploads\/2025\/06\/pexels-m-c-256419727-14834539-scaled.jpg","type":"image\/jpeg"}],"author":"Support Wwwarcelona","twitter_card":"summary_large_image","twitter_misc":{"Escrito por":"Support Wwwarcelona","Tiempo de lectura":"9 minutos"},"schema":{"@context":"https:\/\/schema.org","@graph":[{"@type":"Article","@id":"https:\/\/ddluxurycar.wwwarcelona.net\/es\/coches-de-prestigio\/comparacion-alquiler-de-coches-de-lujo-en-paises-europeos\/#article","isPartOf":{"@id":"https:\/\/ddluxurycar.wwwarcelona.net\/es\/coches-de-prestigio\/comparacion-alquiler-de-coches-de-lujo-en-paises-europeos\/"},"author":{"name":"Support Wwwarcelona","@id":"https:\/\/ddluxurycar.wwwarcelona.net\/#\/schema\/person\/643bb61cc7e606ada6bbe6796b23fed1"},"headline":"Comparaci\u00f3n: alquiler de coches de lujo en pa\u00edses europeos","datePublished":"2025-06-05T08:14:29+00:00","dateModified":"2025-07-04T08:18:28+00:00","mainEntityOfPage":{"@id":"https:\/\/ddluxurycar.wwwarcelona.net\/es\/coches-de-prestigio\/comparacion-alquiler-de-coches-de-lujo-en-paises-europeos\/"},"wordCount":1817,"publisher":{"@id":"https:\/\/ddluxurycar.wwwarcelona.net\/#organization"},"image":{"@id":"https:\/\/ddluxurycar.wwwarcelona.net\/es\/coches-de-prestigio\/comparacion-alquiler-de-coches-de-lujo-en-paises-europeos\/#primaryimage"},"thumbnailUrl":"https:\/\/ddluxurycar.wwwarcelona.net\/wp-content\/uploads\/2025\/06\/pexels-m-c-256419727-14834539-scaled.jpg","articleSection":["Coches de prestigio"],"inLanguage":"es"},{"@type":"WebPage","@id":"https:\/\/ddluxurycar.wwwarcelona.net\/es\/coches-de-prestigio\/comparacion-alquiler-de-coches-de-lujo-en-paises-europeos\/","url":"https:\/\/ddluxurycar.wwwarcelona.net\/es\/coches-de-prestigio\/comparacion-alquiler-de-coches-de-lujo-en-paises-europeos\/","name":"Comparaci\u00f3n: alquiler de coches de lujo en pa\u00edses europeos","isPartOf":{"@id":"https:\/\/ddluxurycar.wwwarcelona.net\/#website"},"primaryImageOfPage":{"@id":"https:\/\/ddluxurycar.wwwarcelona.net\/es\/coches-de-prestigio\/comparacion-alquiler-de-coches-de-lujo-en-paises-europeos\/#primaryimage"},"image":{"@id":"https:\/\/ddluxurycar.wwwarcelona.net\/es\/coches-de-prestigio\/comparacion-alquiler-de-coches-de-lujo-en-paises-europeos\/#primaryimage"},"thumbnailUrl":"https:\/\/ddluxurycar.wwwarcelona.net\/wp-content\/uploads\/2025\/06\/pexels-m-c-256419727-14834539-scaled.jpg","datePublished":"2025-06-05T08:14:29+00:00","dateModified":"2025-07-04T08:18:28+00:00","description":"Descubre las diferencias en el alquiler de coches de lujo en pa\u00edses europeos como Alemania, Francia y Espa\u00f1a. Compara precios, modelos y estilos.","breadcrumb":{"@id":"https:\/\/ddluxurycar.wwwarcelona.net\/es\/coches-de-prestigio\/comparacion-alquiler-de-coches-de-lujo-en-paises-europeos\/#breadcrumb"},"inLanguage":"es","potentialAction":[{"@type":"ReadAction","target":["https:\/\/ddluxurycar.wwwarcelona.net\/es\/coches-de-prestigio\/comparacion-alquiler-de-coches-de-lujo-en-paises-europeos\/"]}]},{"@type":"ImageObject","inLanguage":"es","@id":"https:\/\/ddluxurycar.wwwarcelona.net\/es\/coches-de-prestigio\/comparacion-alquiler-de-coches-de-lujo-en-paises-europeos\/#primaryimage","url":"https:\/\/ddluxurycar.wwwarcelona.net\/wp-content\/uploads\/2025\/06\/pexels-m-c-256419727-14834539-scaled.jpg","contentUrl":"https:\/\/ddluxurycar.wwwarcelona.net\/wp-content\/uploads\/2025\/06\/pexels-m-c-256419727-14834539-scaled.jpg","width":2560,"height":1710},{"@type":"BreadcrumbList","@id":"https:\/\/ddluxurycar.wwwarcelona.net\/es\/coches-de-prestigio\/comparacion-alquiler-de-coches-de-lujo-en-paises-europeos\/#breadcrumb","itemListElement":[{"@type":"ListItem","position":1,"name":"Portada","item":"https:\/\/ddluxurycar.wwwarcelona.net\/es\/home\/"},{"@type":"ListItem","position":2,"name":"Comparaci\u00f3n: alquiler de coches de lujo en pa\u00edses europeos"}]},{"@type":"WebSite","@id":"https:\/\/ddluxurycar.wwwarcelona.net\/#website","url":"https:\/\/ddluxurycar.wwwarcelona.net\/","name":"DDLuxuryCar","description":"Just another WordPress site","publisher":{"@id":"https:\/\/ddluxurycar.wwwarcelona.net\/#organization"},"potentialAction":[{"@type":"SearchAction","target":{"@type":"EntryPoint","urlTemplate":"https:\/\/ddluxurycar.wwwarcelona.net\/?s={search_term_string}"},"query-input":{"@type":"PropertyValueSpecification","valueRequired":true,"valueName":"search_term_string"}}],"inLanguage":"es"},{"@type":"Organization","@id":"https:\/\/ddluxurycar.wwwarcelona.net\/#organization","name":"DDLuxuryCar","url":"https:\/\/ddluxurycar.wwwarcelona.net\/","logo":{"@type":"ImageObject","inLanguage":"es","@id":"https:\/\/ddluxurycar.wwwarcelona.net\/#\/schema\/logo\/image\/","url":"https:\/\/ddluxurycar.wwwarcelona.net\/wp-content\/uploads\/2025\/03\/cropped-favicon.png","contentUrl":"https:\/\/ddluxurycar.wwwarcelona.net\/wp-content\/uploads\/2025\/03\/cropped-favicon.png","width":512,"height":512,"caption":"DDLuxuryCar"},"image":{"@id":"https:\/\/ddluxurycar.wwwarcelona.net\/#\/schema\/logo\/image\/"}},{"@type":"Person","@id":"https:\/\/ddluxurycar.wwwarcelona.net\/#\/schema\/person\/643bb61cc7e606ada6bbe6796b23fed1","name":"Support Wwwarcelona","image":{"@type":"ImageObject","inLanguage":"es","@id":"https:\/\/secure.gravatar.com\/avatar\/0c6819356538849544fe79abd31afb6f42861bbb96368a1f2151f9a226524dcd?s=96&d=mm&r=g","url":"https:\/\/secure.gravatar.com\/avatar\/0c6819356538849544fe79abd31afb6f42861bbb96368a1f2151f9a226524dcd?s=96&d=mm&r=g","contentUrl":"https:\/\/secure.gravatar.com\/avatar\/0c6819356538849544fe79abd31afb6f42861bbb96368a1f2151f9a226524dcd?s=96&d=mm&r=g","caption":"Support Wwwarcelona"}}]}},"_links":{"self":[{"href":"https:\/\/ddluxurycar.wwwarcelona.net\/es\/wp-json\/wp\/v2\/posts\/3755","targetHints":{"allow":["GET"]}}],"collection":[{"href":"https:\/\/ddluxurycar.wwwarcelona.net\/es\/wp-json\/wp\/v2\/posts"}],"about":[{"href":"https:\/\/ddluxurycar.wwwarcelona.net\/es\/wp-json\/wp\/v2\/types\/post"}],"author":[{"embeddable":true,"href":"https:\/\/ddluxurycar.wwwarcelona.net\/es\/wp-json\/wp\/v2\/users\/7"}],"replies":[{"embeddable":true,"href":"https:\/\/ddluxurycar.wwwarcelona.net\/es\/wp-json\/wp\/v2\/comments?post=3755"}],"version-history":[{"count":2,"href":"https:\/\/ddluxurycar.wwwarcelona.net\/es\/wp-json\/wp\/v2\/posts\/3755\/revisions"}],"predecessor-version":[{"id":4103,"href":"https:\/\/ddluxurycar.wwwarcelona.net\/es\/wp-json\/wp\/v2\/posts\/3755\/revisions\/4103"}],"wp:featuredmedia":[{"embeddable":true,"href":"https:\/\/ddluxurycar.wwwarcelona.net\/es\/wp-json\/wp\/v2\/media\/3756"}],"wp:attachment":[{"href":"https:\/\/ddluxurycar.wwwarcelona.net\/es\/wp-json\/wp\/v2\/media?parent=3755"}],"wp:term":[{"taxonomy":"category","embeddable":true,"href":"https:\/\/ddluxurycar.wwwarcelona.net\/es\/wp-json\/wp\/v2\/categories?post=3755"},{"taxonomy":"post_tag","embeddable":true,"href":"https:\/\/ddluxurycar.wwwarcelona.net\/es\/wp-json\/wp\/v2\/tags?post=3755"}],"curies":[{"name":"wp","href":"https:\/\/api.w.org\/{rel}","templated":true}]}}