{"id":3212,"date":"2025-05-15T08:52:53","date_gmt":"2025-05-15T06:52:53","guid":{"rendered":"https:\/\/ddluxurycar.wwwarcelona.net\/noticias\/alquiler-de-coches-de-lujo-para-eventos-exclusivos-en-europa\/"},"modified":"2025-05-19T09:13:37","modified_gmt":"2025-05-19T07:13:37","slug":"alquiler-de-coches-de-lujo-para-eventos-exclusivos-en-europa","status":"publish","type":"post","link":"https:\/\/ddluxurycar.wwwarcelona.net\/es\/noticias\/alquiler-de-coches-de-lujo-para-eventos-exclusivos-en-europa\/","title":{"rendered":"Alquiler de coches de lujo para eventos exclusivos en Europa"},"content":{"rendered":"\t\t<div data-elementor-type=\"wp-post\" data-elementor-id=\"3212\" class=\"elementor elementor-3212 elementor-3008\" data-elementor-post-type=\"post\">\n\t\t\t\t<div class=\"elementor-element elementor-element-ed916a3 e-flex e-con-boxed e-con e-parent\" data-id=\"ed916a3\" data-element_type=\"container\" data-e-type=\"container\">\n\t\t\t\t\t<div class=\"e-con-inner\">\n\t\t\t\t<div class=\"elementor-element elementor-element-f6aa630 elementor-widget elementor-widget-heading\" data-id=\"f6aa630\" data-element_type=\"widget\" data-e-type=\"widget\" data-widget_type=\"heading.default\">\n\t\t\t\t<div class=\"elementor-widget-container\">\n\t\t\t\t\t<h2 class=\"elementor-heading-title elementor-size-default\">Introducci\u00f3n\n<\/h2>\t\t\t\t<\/div>\n\t\t\t\t<\/div>\n\t\t\t\t<div class=\"elementor-element elementor-element-3f87004 elementor-widget-divider--view-line elementor-widget elementor-widget-divider\" data-id=\"3f87004\" data-element_type=\"widget\" data-e-type=\"widget\" data-widget_type=\"divider.default\">\n\t\t\t\t<div class=\"elementor-widget-container\">\n\t\t\t\t\t\t\t<div class=\"elementor-divider\">\n\t\t\t<span class=\"elementor-divider-separator\">\n\t\t\t\t\t\t<\/span>\n\t\t<\/div>\n\t\t\t\t\t\t<\/div>\n\t\t\t\t<\/div>\n\t\t\t\t<div class=\"elementor-element elementor-element-1450bfb elementor-widget elementor-widget-text-editor\" data-id=\"1450bfb\" data-element_type=\"widget\" data-e-type=\"widget\" data-widget_type=\"text-editor.default\">\n\t\t\t\t<div class=\"elementor-widget-container\">\n\t\t\t\t\t\t\t\t\t<p><b>Alquiler de coches de lujo para eventos<\/b><span style=\"font-weight: 400;\">  no es s\u00f3lo una cuesti\u00f3n de comodidad; define el tono de cualquier ocasi\u00f3n de alto nivel. Tanto si organizas una reuni\u00f3n de empresa como una fastuosa celebraci\u00f3n social, la elecci\u00f3n del veh\u00edculo marca la pauta. Se convierte en la firma visual que refleja tu marca, gustos e intenciones antes de que se pronuncie una sola palabra.  <\/span><\/p>\t\t\t\t\t\t\t\t<\/div>\n\t\t\t\t<\/div>\n\t\t\t\t\t<\/div>\n\t\t\t\t<\/div>\n\t\t<div class=\"elementor-element elementor-element-5fb82f5 e-flex e-con-boxed e-con e-parent\" data-id=\"5fb82f5\" data-element_type=\"container\" data-e-type=\"container\">\n\t\t\t\t\t<div class=\"e-con-inner\">\n\t\t<div class=\"elementor-element elementor-element-4fff835 e-con-full e-flex e-con e-child\" data-id=\"4fff835\" data-element_type=\"container\" data-e-type=\"container\">\n\t\t\t\t<div class=\"elementor-element elementor-element-d3326f8 elementor-widget elementor-widget-heading\" data-id=\"d3326f8\" data-element_type=\"widget\" data-e-type=\"widget\" data-widget_type=\"heading.default\">\n\t\t\t\t<div class=\"elementor-widget-container\">\n\t\t\t\t\t<h2 class=\"elementor-heading-title elementor-size-default\">La primera impresi\u00f3n importa m\u00e1s que nunca\n<\/h2>\t\t\t\t<\/div>\n\t\t\t\t<\/div>\n\t\t\t\t<div class=\"elementor-element elementor-element-bfd5744 elementor-widget-divider--view-line elementor-widget elementor-widget-divider\" data-id=\"bfd5744\" data-element_type=\"widget\" data-e-type=\"widget\" data-widget_type=\"divider.default\">\n\t\t\t\t<div class=\"elementor-widget-container\">\n\t\t\t\t\t\t\t<div class=\"elementor-divider\">\n\t\t\t<span class=\"elementor-divider-separator\">\n\t\t\t\t\t\t<\/span>\n\t\t<\/div>\n\t\t\t\t\t\t<\/div>\n\t\t\t\t<\/div>\n\t\t\t\t<div class=\"elementor-element elementor-element-caf6b94 elementor-widget elementor-widget-text-editor\" data-id=\"caf6b94\" data-element_type=\"widget\" data-e-type=\"widget\" data-widget_type=\"text-editor.default\">\n\t\t\t\t<div class=\"elementor-widget-container\">\n\t\t\t\t\t\t\t\t\t<p><span style=\"font-weight: 400;\">Hoy en d\u00eda, en que la marca visual desempe\u00f1a un papel preponderante, la primera impresi\u00f3n en cualquier evento suele venir determinada por tu llegada. Por ello,   <\/span><b>alquiler de coches de lujo para eventos<\/b><span style=\"font-weight: 400;\">  se ha convertido en una decisi\u00f3n estrat\u00e9gica m\u00e1s que en un acuerdo de \u00faltima hora. Un elegante Aston Martin, un Rolls-Royce cl\u00e1sico o un Lamborghini agresivo no se limitan a transportar: impresionan, comunican y elevan. <\/span><\/p><p><span style=\"font-weight: 400;\">Adem\u00e1s, en el mundo de los eventos corporativos, un veh\u00edculo de gama alta mejora el estatus percibido de tu empresa. Los clientes, las partes interesadas y los socios asocian inconscientemente tus est\u00e1ndares con lo que ven. Por tanto, alquilar el coche adecuado aporta algo m\u00e1s que estilo: genera confianza.  <\/span><\/p>\t\t\t\t\t\t\t\t<\/div>\n\t\t\t\t<\/div>\n\t\t\t\t<\/div>\n\t\t\t\t\t<\/div>\n\t\t\t\t<\/div>\n\t\t<div class=\"elementor-element elementor-element-2626c23 e-flex e-con-boxed e-con e-parent\" data-id=\"2626c23\" data-element_type=\"container\" data-e-type=\"container\">\n\t\t\t\t\t<div class=\"e-con-inner\">\n\t\t<div class=\"elementor-element elementor-element-1c691e2 e-con-full e-flex e-con e-child\" data-id=\"1c691e2\" data-element_type=\"container\" data-e-type=\"container\">\n\t\t\t\t<div class=\"elementor-element elementor-element-062c167 elementor-widget elementor-widget-heading\" data-id=\"062c167\" data-element_type=\"widget\" data-e-type=\"widget\" data-widget_type=\"heading.default\">\n\t\t\t\t<div class=\"elementor-widget-container\">\n\t\t\t\t\t<h2 class=\"elementor-heading-title elementor-size-default\">Un veh\u00edculo que refleje la identidad del evento\n<\/h2>\t\t\t\t<\/div>\n\t\t\t\t<\/div>\n\t\t\t\t<div class=\"elementor-element elementor-element-0ae9d22 elementor-widget-divider--view-line elementor-widget elementor-widget-divider\" data-id=\"0ae9d22\" data-element_type=\"widget\" data-e-type=\"widget\" data-widget_type=\"divider.default\">\n\t\t\t\t<div class=\"elementor-widget-container\">\n\t\t\t\t\t\t\t<div class=\"elementor-divider\">\n\t\t\t<span class=\"elementor-divider-separator\">\n\t\t\t\t\t\t<\/span>\n\t\t<\/div>\n\t\t\t\t\t\t<\/div>\n\t\t\t\t<\/div>\n\t\t\t\t<div class=\"elementor-element elementor-element-0588761 elementor-widget elementor-widget-text-editor\" data-id=\"0588761\" data-element_type=\"widget\" data-e-type=\"widget\" data-widget_type=\"text-editor.default\">\n\t\t\t\t<div class=\"elementor-widget-container\">\n\t\t\t\t\t\t\t\t\t<p><span style=\"font-weight: 400;\">Cada acontecimiento tiene su tono. En consecuencia, el coche que elijas debe reflejar esa identidad. Por ejemplo, un elegante Bentley puede encajar perfectamente con la sofisticaci\u00f3n de una cena de gala, mientras que un atrevido Ferrari podr\u00eda ser m\u00e1s adecuado para el lanzamiento de un producto. Del mismo modo, un discreto Mercedes Clase S podr\u00eda ser ideal para reuniones ejecutivas o cumbres financieras.   <\/span><\/p><p><span style=\"font-weight: 400;\">Debido a esta variedad, <\/span><b>alquiler de coches de lujo para eventos<\/b><span style=\"font-weight: 400;\">  ofrecen una flota adaptada a necesidades diversas. Gracias a esta flexibilidad, puedes elaborar una experiencia fluida y personalizada de principio a fin. <\/span><\/p>\t\t\t\t\t\t\t\t<\/div>\n\t\t\t\t<\/div>\n\t\t\t\t<\/div>\n\t\t<div class=\"elementor-element elementor-element-5fcc6ea e-con-full e-flex e-con e-child\" data-id=\"5fcc6ea\" data-element_type=\"container\" data-e-type=\"container\">\n\t\t\t\t<div class=\"elementor-element elementor-element-325a20d elementor-widget elementor-widget-image\" data-id=\"325a20d\" data-element_type=\"widget\" data-e-type=\"widget\" data-widget_type=\"image.default\">\n\t\t\t\t<div class=\"elementor-widget-container\">\n\t\t\t\t\t\t\t\t\t\t\t\t\t\t\t<img fetchpriority=\"high\" decoding=\"async\" width=\"2560\" height=\"1707\" src=\"https:\/\/ddluxurycar.wwwarcelona.net\/wp-content\/uploads\/2025\/05\/pexels-mohit-hambiria-92377455-20123634-scaled.jpg\" class=\"attachment-full size-full wp-image-3013\" alt=\"luxury car rental for events\" srcset=\"https:\/\/ddluxurycar.wwwarcelona.net\/wp-content\/uploads\/2025\/05\/pexels-mohit-hambiria-92377455-20123634-scaled.jpg 2560w, https:\/\/ddluxurycar.wwwarcelona.net\/wp-content\/uploads\/2025\/05\/pexels-mohit-hambiria-92377455-20123634-scaled-600x400.jpg 600w, https:\/\/ddluxurycar.wwwarcelona.net\/wp-content\/uploads\/2025\/05\/pexels-mohit-hambiria-92377455-20123634-300x200.jpg 300w, https:\/\/ddluxurycar.wwwarcelona.net\/wp-content\/uploads\/2025\/05\/pexels-mohit-hambiria-92377455-20123634-1024x683.jpg 1024w, https:\/\/ddluxurycar.wwwarcelona.net\/wp-content\/uploads\/2025\/05\/pexels-mohit-hambiria-92377455-20123634-768x512.jpg 768w, https:\/\/ddluxurycar.wwwarcelona.net\/wp-content\/uploads\/2025\/05\/pexels-mohit-hambiria-92377455-20123634-1536x1024.jpg 1536w, https:\/\/ddluxurycar.wwwarcelona.net\/wp-content\/uploads\/2025\/05\/pexels-mohit-hambiria-92377455-20123634-2048x1365.jpg 2048w, https:\/\/ddluxurycar.wwwarcelona.net\/wp-content\/uploads\/2025\/05\/pexels-mohit-hambiria-92377455-20123634-180x120.jpg 180w, https:\/\/ddluxurycar.wwwarcelona.net\/wp-content\/uploads\/2025\/05\/pexels-mohit-hambiria-92377455-20123634-360x240.jpg 360w, https:\/\/ddluxurycar.wwwarcelona.net\/wp-content\/uploads\/2025\/05\/pexels-mohit-hambiria-92377455-20123634-640x427.jpg 640w, https:\/\/ddluxurycar.wwwarcelona.net\/wp-content\/uploads\/2025\/05\/pexels-mohit-hambiria-92377455-20123634-1366x911.jpg 1366w, https:\/\/ddluxurycar.wwwarcelona.net\/wp-content\/uploads\/2025\/05\/pexels-mohit-hambiria-92377455-20123634-1600x1067.jpg 1600w, https:\/\/ddluxurycar.wwwarcelona.net\/wp-content\/uploads\/2025\/05\/pexels-mohit-hambiria-92377455-20123634-1920x1280.jpg 1920w\" sizes=\"(max-width: 2560px) 100vw, 2560px\" \/>\t\t\t\t\t\t\t\t\t\t\t\t\t\t\t<\/div>\n\t\t\t\t<\/div>\n\t\t\t\t<\/div>\n\t\t\t\t\t<\/div>\n\t\t\t\t<\/div>\n\t\t<div class=\"elementor-element elementor-element-c6d9d05 e-flex e-con-boxed e-con e-parent\" data-id=\"c6d9d05\" data-element_type=\"container\" data-e-type=\"container\">\n\t\t\t\t\t<div class=\"e-con-inner\">\n\t\t<div class=\"elementor-element elementor-element-335935a e-con-full e-flex e-con e-child\" data-id=\"335935a\" data-element_type=\"container\" data-e-type=\"container\">\n\t\t\t\t<div class=\"elementor-element elementor-element-3b74ef9 elementor-widget elementor-widget-heading\" data-id=\"3b74ef9\" data-element_type=\"widget\" data-e-type=\"widget\" data-widget_type=\"heading.default\">\n\t\t\t\t<div class=\"elementor-widget-container\">\n\t\t\t\t\t<h2 class=\"elementor-heading-title elementor-size-default\">Impacto emocional y experiencias memorables\n<\/h2>\t\t\t\t<\/div>\n\t\t\t\t<\/div>\n\t\t\t\t<div class=\"elementor-element elementor-element-db4923a elementor-widget-divider--view-line elementor-widget elementor-widget-divider\" data-id=\"db4923a\" data-element_type=\"widget\" data-e-type=\"widget\" data-widget_type=\"divider.default\">\n\t\t\t\t<div class=\"elementor-widget-container\">\n\t\t\t\t\t\t\t<div class=\"elementor-divider\">\n\t\t\t<span class=\"elementor-divider-separator\">\n\t\t\t\t\t\t<\/span>\n\t\t<\/div>\n\t\t\t\t\t\t<\/div>\n\t\t\t\t<\/div>\n\t\t\t\t<div class=\"elementor-element elementor-element-2722118 elementor-widget elementor-widget-text-editor\" data-id=\"2722118\" data-element_type=\"widget\" data-e-type=\"widget\" data-widget_type=\"text-editor.default\">\n\t\t\t\t<div class=\"elementor-widget-container\">\n\t\t\t\t\t\t\t\t\t<p><span style=\"font-weight: 400;\">No olvidemos la dimensi\u00f3n emocional. M\u00e1s all\u00e1 de las consideraciones pr\u00e1cticas, la llegada en un veh\u00edculo de lujo genera emoci\u00f3n. En bodas, cumplea\u00f1os o ceremonias de entrega de premios, la emoci\u00f3n de ir en un coche emblem\u00e1tico amplifica toda la experiencia.  <\/span><\/p><p><span style=\"font-weight: 400;\">Para muchos invitados, ver o montar en un coche que s\u00f3lo han admirado de lejos deja un recuerdo imborrable. Por eso los organizadores de eventos recurren cada vez m\u00e1s a   <\/span><b>alquiler de coches de lujo para eventos<\/b><span style=\"font-weight: 400;\"> como elemento central para crear momentos inolvidables.<\/span><\/p>\t\t\t\t\t\t\t\t<\/div>\n\t\t\t\t<\/div>\n\t\t\t\t<\/div>\n\t\t\t\t\t<\/div>\n\t\t\t\t<\/div>\n\t\t<div class=\"elementor-element elementor-element-7cca5f0 e-flex e-con-boxed e-con e-parent\" data-id=\"7cca5f0\" data-element_type=\"container\" data-e-type=\"container\">\n\t\t\t\t\t<div class=\"e-con-inner\">\n\t\t<div class=\"elementor-element elementor-element-839e74c e-con-full e-flex e-con e-child\" data-id=\"839e74c\" data-element_type=\"container\" data-e-type=\"container\">\n\t\t\t\t<div class=\"elementor-element elementor-element-971d903 e-transform elementor-widget elementor-widget-image\" data-id=\"971d903\" data-element_type=\"widget\" data-e-type=\"widget\" data-settings=\"{&quot;_transform_flipX_effect&quot;:&quot;transform&quot;}\" data-widget_type=\"image.default\">\n\t\t\t\t<div class=\"elementor-widget-container\">\n\t\t\t\t\t\t\t\t\t\t\t\t\t\t\t<img decoding=\"async\" width=\"2560\" height=\"1707\" src=\"https:\/\/ddluxurycar.wwwarcelona.net\/wp-content\/uploads\/2025\/03\/pexels-esmihel-15097788-scaled.jpg\" class=\"attachment-full size-full wp-image-2169\" alt=\"luxury car rental in Barcelona\" srcset=\"https:\/\/ddluxurycar.wwwarcelona.net\/wp-content\/uploads\/2025\/03\/pexels-esmihel-15097788-scaled.jpg 2560w, https:\/\/ddluxurycar.wwwarcelona.net\/wp-content\/uploads\/2025\/03\/pexels-esmihel-15097788-scaled-600x400.jpg 600w, https:\/\/ddluxurycar.wwwarcelona.net\/wp-content\/uploads\/2025\/03\/pexels-esmihel-15097788-300x200.jpg 300w, https:\/\/ddluxurycar.wwwarcelona.net\/wp-content\/uploads\/2025\/03\/pexels-esmihel-15097788-1024x683.jpg 1024w, https:\/\/ddluxurycar.wwwarcelona.net\/wp-content\/uploads\/2025\/03\/pexels-esmihel-15097788-768x512.jpg 768w, https:\/\/ddluxurycar.wwwarcelona.net\/wp-content\/uploads\/2025\/03\/pexels-esmihel-15097788-1536x1024.jpg 1536w, https:\/\/ddluxurycar.wwwarcelona.net\/wp-content\/uploads\/2025\/03\/pexels-esmihel-15097788-2048x1365.jpg 2048w, https:\/\/ddluxurycar.wwwarcelona.net\/wp-content\/uploads\/2025\/03\/pexels-esmihel-15097788-180x120.jpg 180w, https:\/\/ddluxurycar.wwwarcelona.net\/wp-content\/uploads\/2025\/03\/pexels-esmihel-15097788-360x240.jpg 360w, https:\/\/ddluxurycar.wwwarcelona.net\/wp-content\/uploads\/2025\/03\/pexels-esmihel-15097788-640x427.jpg 640w, https:\/\/ddluxurycar.wwwarcelona.net\/wp-content\/uploads\/2025\/03\/pexels-esmihel-15097788-1366x911.jpg 1366w, https:\/\/ddluxurycar.wwwarcelona.net\/wp-content\/uploads\/2025\/03\/pexels-esmihel-15097788-1600x1067.jpg 1600w, https:\/\/ddluxurycar.wwwarcelona.net\/wp-content\/uploads\/2025\/03\/pexels-esmihel-15097788-1920x1280.jpg 1920w\" sizes=\"(max-width: 2560px) 100vw, 2560px\" \/>\t\t\t\t\t\t\t\t\t\t\t\t\t\t\t<\/div>\n\t\t\t\t<\/div>\n\t\t\t\t<\/div>\n\t\t<div class=\"elementor-element elementor-element-79feb45 e-con-full e-flex e-con e-child\" data-id=\"79feb45\" data-element_type=\"container\" data-e-type=\"container\">\n\t\t\t\t<div class=\"elementor-element elementor-element-d91cbfb elementor-widget elementor-widget-heading\" data-id=\"d91cbfb\" data-element_type=\"widget\" data-e-type=\"widget\" data-widget_type=\"heading.default\">\n\t\t\t\t<div class=\"elementor-widget-container\">\n\t\t\t\t\t<h2 class=\"elementor-heading-title elementor-size-default\">Un movimiento estrat\u00e9gico en la construcci\u00f3n de la imagen corporativa\n<\/h2>\t\t\t\t<\/div>\n\t\t\t\t<\/div>\n\t\t\t\t<div class=\"elementor-element elementor-element-2609370 elementor-widget-divider--view-line elementor-widget elementor-widget-divider\" data-id=\"2609370\" data-element_type=\"widget\" data-e-type=\"widget\" data-widget_type=\"divider.default\">\n\t\t\t\t<div class=\"elementor-widget-container\">\n\t\t\t\t\t\t\t<div class=\"elementor-divider\">\n\t\t\t<span class=\"elementor-divider-separator\">\n\t\t\t\t\t\t<\/span>\n\t\t<\/div>\n\t\t\t\t\t\t<\/div>\n\t\t\t\t<\/div>\n\t\t\t\t<div class=\"elementor-element elementor-element-a807e6a elementor-widget elementor-widget-text-editor\" data-id=\"a807e6a\" data-element_type=\"widget\" data-e-type=\"widget\" data-widget_type=\"text-editor.default\">\n\t\t\t\t<div class=\"elementor-widget-container\">\n\t\t\t\t\t\t\t\t\t<p><span style=\"font-weight: 400;\">En el \u00e1mbito empresarial, la imagen es un activo estrat\u00e9gico. Tambi\u00e9n lo es la narrativa que presentas al mundo exterior. Desde las reuniones de accionistas hasta la presentaci\u00f3n de productos, cada elemento debe estar en consonancia con el mensaje que quieres transmitir. Aqu\u00ed, la selecci\u00f3n de veh\u00edculos se convierte en algo m\u00e1s que un accesorio: es una herramienta de comunicaci\u00f3n.   <\/span><\/p><p><span style=\"font-weight: 400;\">En este contexto <\/span><b>alquiler de coches de lujo para eventos<\/b><span style=\"font-weight: 400;\">  se convierte en una decisi\u00f3n calculada y alineada con los objetivos de marketing. Env\u00eda un mensaje sutil pero poderoso sobre tus est\u00e1ndares, tu compromiso con la calidad y tu atenci\u00f3n al detalle. <\/span><\/p>\t\t\t\t\t\t\t\t<\/div>\n\t\t\t\t<\/div>\n\t\t\t\t<\/div>\n\t\t\t\t\t<\/div>\n\t\t\t\t<\/div>\n\t\t<div class=\"elementor-element elementor-element-0e4d9a6 e-flex e-con-boxed e-con e-parent\" data-id=\"0e4d9a6\" data-element_type=\"container\" data-e-type=\"container\">\n\t\t\t\t\t<div class=\"e-con-inner\">\n\t\t<div class=\"elementor-element elementor-element-b8277cc e-con-full e-flex e-con e-child\" data-id=\"b8277cc\" data-element_type=\"container\" data-e-type=\"container\">\n\t\t\t\t<div class=\"elementor-element elementor-element-489679f elementor-widget elementor-widget-heading\" data-id=\"489679f\" data-element_type=\"widget\" data-e-type=\"widget\" data-widget_type=\"heading.default\">\n\t\t\t\t<div class=\"elementor-widget-container\">\n\t\t\t\t\t<h2 class=\"elementor-heading-title elementor-size-default\">Marca personal en reuniones sociales\n<\/h2>\t\t\t\t<\/div>\n\t\t\t\t<\/div>\n\t\t\t\t<div class=\"elementor-element elementor-element-18ef9fd elementor-widget-divider--view-line elementor-widget elementor-widget-divider\" data-id=\"18ef9fd\" data-element_type=\"widget\" data-e-type=\"widget\" data-widget_type=\"divider.default\">\n\t\t\t\t<div class=\"elementor-widget-container\">\n\t\t\t\t\t\t\t<div class=\"elementor-divider\">\n\t\t\t<span class=\"elementor-divider-separator\">\n\t\t\t\t\t\t<\/span>\n\t\t<\/div>\n\t\t\t\t\t\t<\/div>\n\t\t\t\t<\/div>\n\t\t\t\t<div class=\"elementor-element elementor-element-256bdee elementor-widget elementor-widget-text-editor\" data-id=\"256bdee\" data-element_type=\"widget\" data-e-type=\"widget\" data-widget_type=\"text-editor.default\">\n\t\t\t\t<div class=\"elementor-widget-container\">\n\t\t\t\t\t\t\t\t\t<p><span style=\"font-weight: 400;\">Sin embargo, no s\u00f3lo las empresas se benefician de los veh\u00edculos premium. En la era de las redes sociales y la marca personal, los individuos tambi\u00e9n buscan experiencias que proyecten estatus y gusto. De ah\u00ed que influencers, famosos y clientes privados utilicen ahora con frecuencia coches de lujo para aumentar el valor percibido de su presencia.  <\/span><\/p><p><span style=\"font-weight: 400;\">Tanto si se trata de una boda de destino en la Riviera francesa como de un cumplea\u00f1os VIP en Barcelona, el veh\u00edculo se convierte en parte de la narraci\u00f3n visual. Elegir sabiamente garantiza que cada foto, cada llegada y cada v\u00eddeo compartido transmitan prestigio. <\/span><\/p>\t\t\t\t\t\t\t\t<\/div>\n\t\t\t\t<\/div>\n\t\t\t\t<\/div>\n\t\t\t\t\t<\/div>\n\t\t\t\t<\/div>\n\t\t<div class=\"elementor-element elementor-element-ff94bf9 e-flex e-con-boxed e-con e-parent\" data-id=\"ff94bf9\" data-element_type=\"container\" data-e-type=\"container\">\n\t\t\t\t\t<div class=\"e-con-inner\">\n\t\t<div class=\"elementor-element elementor-element-46211d6 e-con-full e-flex e-con e-child\" data-id=\"46211d6\" data-element_type=\"container\" data-e-type=\"container\">\n\t\t\t\t<div class=\"elementor-element elementor-element-dfd104c elementor-widget elementor-widget-heading\" data-id=\"dfd104c\" data-element_type=\"widget\" data-e-type=\"widget\" data-widget_type=\"heading.default\">\n\t\t\t\t<div class=\"elementor-widget-container\">\n\t\t\t\t\t<h2 class=\"elementor-heading-title elementor-size-default\">La ventaja europea: rutas y paisajes emblem\u00e1ticos\n<\/h2>\t\t\t\t<\/div>\n\t\t\t\t<\/div>\n\t\t\t\t<div class=\"elementor-element elementor-element-8044363 elementor-widget-divider--view-line elementor-widget elementor-widget-divider\" data-id=\"8044363\" data-element_type=\"widget\" data-e-type=\"widget\" data-widget_type=\"divider.default\">\n\t\t\t\t<div class=\"elementor-widget-container\">\n\t\t\t\t\t\t\t<div class=\"elementor-divider\">\n\t\t\t<span class=\"elementor-divider-separator\">\n\t\t\t\t\t\t<\/span>\n\t\t<\/div>\n\t\t\t\t\t\t<\/div>\n\t\t\t\t<\/div>\n\t\t\t\t<div class=\"elementor-element elementor-element-c1b1073 elementor-widget elementor-widget-text-editor\" data-id=\"c1b1073\" data-element_type=\"widget\" data-e-type=\"widget\" data-widget_type=\"text-editor.default\">\n\t\t\t\t<div class=\"elementor-widget-container\">\n\t\t\t\t\t\t\t\t\t<p><span style=\"font-weight: 400;\">Europa ofrece un marco incomparable para estas experiencias. Por su rico patrimonio, impresionante arquitectura y paisajes esc\u00e9nicos, los coches de lujo se sienten como en casa en sus carreteras. Conducir un Porsche por la Costa Amalfitana o llegar a un castillo de Borgo\u00f1a en un descapotable de \u00e9poca realza la exclusividad de cualquier ocasi\u00f3n.  <\/span><\/p><p><span style=\"font-weight: 400;\">Debido a la diversidad del continente, <\/span><b>alquiler de coches de lujo para eventos<\/b><span style=\"font-weight: 400;\">  puede adaptarse a cualquier estilo regional. Puedes optar por un Jaguar atemporal en Londres o un Maserati atrevido para un evento en Mil\u00e1n. Esta alineaci\u00f3n regional aumenta el valor est\u00e9tico y emocional de la experiencia.  <\/span><\/p>\t\t\t\t\t\t\t\t<\/div>\n\t\t\t\t<\/div>\n\t\t\t\t<\/div>\n\t\t\t\t\t<\/div>\n\t\t\t\t<\/div>\n\t\t<div class=\"elementor-element elementor-element-f7f9594 e-flex e-con-boxed e-con e-parent\" data-id=\"f7f9594\" data-element_type=\"container\" data-e-type=\"container\">\n\t\t\t\t\t<div class=\"e-con-inner\">\n\t\t<div class=\"elementor-element elementor-element-db32fcb e-con-full e-flex e-con e-child\" data-id=\"db32fcb\" data-element_type=\"container\" data-e-type=\"container\">\n\t\t\t\t<div class=\"elementor-element elementor-element-e95d438 elementor-widget elementor-widget-heading\" data-id=\"e95d438\" data-element_type=\"widget\" data-e-type=\"widget\" data-widget_type=\"heading.default\">\n\t\t\t\t<div class=\"elementor-widget-container\">\n\t\t\t\t\t<h2 class=\"elementor-heading-title elementor-size-default\">Comodidad, rendimiento y sincronizaci\u00f3n precisa\n<\/h2>\t\t\t\t<\/div>\n\t\t\t\t<\/div>\n\t\t\t\t<div class=\"elementor-element elementor-element-72408c8 elementor-widget-divider--view-line elementor-widget elementor-widget-divider\" data-id=\"72408c8\" data-element_type=\"widget\" data-e-type=\"widget\" data-widget_type=\"divider.default\">\n\t\t\t\t<div class=\"elementor-widget-container\">\n\t\t\t\t\t\t\t<div class=\"elementor-divider\">\n\t\t\t<span class=\"elementor-divider-separator\">\n\t\t\t\t\t\t<\/span>\n\t\t<\/div>\n\t\t\t\t\t\t<\/div>\n\t\t\t\t<\/div>\n\t\t\t\t<div class=\"elementor-element elementor-element-74946fd elementor-widget elementor-widget-text-editor\" data-id=\"74946fd\" data-element_type=\"widget\" data-e-type=\"widget\" data-widget_type=\"text-editor.default\">\n\t\t\t\t<div class=\"elementor-widget-container\">\n\t\t\t\t\t\t\t\t\t<p><span style=\"font-weight: 400;\">Cuando se planifican eventos, la log\u00edstica es crucial. Por eso es importante elegir una empresa de alquiler de lujo con reputaci\u00f3n de puntualidad y servicio. En los eventos de alto nivel, no hay lugar para errores ni retrasos. Todo debe funcionar como un reloj.   <\/span><\/p><p><span style=\"font-weight: 400;\">Adem\u00e1s, los coches de lujo ofrecen un confort y unas prestaciones que reducen la fatiga del viaje. Caracter\u00edsticas como cabinas silenciosas, suspensi\u00f3n suave e interiores espaciosos elevan el propio viaje. Esto resulta esencial cuando se traslada a personalidades o ponentes clave a distintos lugares.  <\/span><\/p>\t\t\t\t\t\t\t\t<\/div>\n\t\t\t\t<\/div>\n\t\t\t\t<\/div>\n\t\t<div class=\"elementor-element elementor-element-106be02 e-con-full e-flex e-con e-child\" data-id=\"106be02\" data-element_type=\"container\" data-e-type=\"container\">\n\t\t\t\t<div class=\"elementor-element elementor-element-366b8ea elementor-widget elementor-widget-image\" data-id=\"366b8ea\" data-element_type=\"widget\" data-e-type=\"widget\" data-widget_type=\"image.default\">\n\t\t\t\t<div class=\"elementor-widget-container\">\n\t\t\t\t\t\t\t\t\t\t\t\t\t\t\t<img decoding=\"async\" width=\"2560\" height=\"1920\" src=\"https:\/\/ddluxurycar.wwwarcelona.net\/wp-content\/uploads\/2025\/03\/pexels-shox-30507656-scaled.jpg\" class=\"attachment-full size-full wp-image-3213\" alt=\"\" srcset=\"https:\/\/ddluxurycar.wwwarcelona.net\/wp-content\/uploads\/2025\/03\/pexels-shox-30507656-scaled.jpg 2560w, https:\/\/ddluxurycar.wwwarcelona.net\/wp-content\/uploads\/2025\/03\/pexels-shox-30507656-scaled-600x450.jpg 600w, https:\/\/ddluxurycar.wwwarcelona.net\/wp-content\/uploads\/2025\/03\/pexels-shox-30507656-300x225.jpg 300w, https:\/\/ddluxurycar.wwwarcelona.net\/wp-content\/uploads\/2025\/03\/pexels-shox-30507656-1024x768.jpg 1024w, https:\/\/ddluxurycar.wwwarcelona.net\/wp-content\/uploads\/2025\/03\/pexels-shox-30507656-768x576.jpg 768w, https:\/\/ddluxurycar.wwwarcelona.net\/wp-content\/uploads\/2025\/03\/pexels-shox-30507656-1536x1152.jpg 1536w, https:\/\/ddluxurycar.wwwarcelona.net\/wp-content\/uploads\/2025\/03\/pexels-shox-30507656-2048x1536.jpg 2048w, https:\/\/ddluxurycar.wwwarcelona.net\/wp-content\/uploads\/2025\/03\/pexels-shox-30507656-180x135.jpg 180w, https:\/\/ddluxurycar.wwwarcelona.net\/wp-content\/uploads\/2025\/03\/pexels-shox-30507656-360x270.jpg 360w, https:\/\/ddluxurycar.wwwarcelona.net\/wp-content\/uploads\/2025\/03\/pexels-shox-30507656-640x480.jpg 640w, https:\/\/ddluxurycar.wwwarcelona.net\/wp-content\/uploads\/2025\/03\/pexels-shox-30507656-1366x1025.jpg 1366w, https:\/\/ddluxurycar.wwwarcelona.net\/wp-content\/uploads\/2025\/03\/pexels-shox-30507656-1600x1200.jpg 1600w, https:\/\/ddluxurycar.wwwarcelona.net\/wp-content\/uploads\/2025\/03\/pexels-shox-30507656-1920x1440.jpg 1920w\" sizes=\"(max-width: 2560px) 100vw, 2560px\" \/>\t\t\t\t\t\t\t\t\t\t\t\t\t\t\t<\/div>\n\t\t\t\t<\/div>\n\t\t\t\t<\/div>\n\t\t\t\t\t<\/div>\n\t\t\t\t<\/div>\n\t\t<div class=\"elementor-element elementor-element-60d9593 e-flex e-con-boxed e-con e-parent\" data-id=\"60d9593\" data-element_type=\"container\" data-e-type=\"container\">\n\t\t\t\t\t<div class=\"e-con-inner\">\n\t\t<div class=\"elementor-element elementor-element-a575483 e-con-full e-flex e-con e-child\" data-id=\"a575483\" data-element_type=\"container\" data-e-type=\"container\">\n\t\t\t\t<div class=\"elementor-element elementor-element-318111e elementor-widget elementor-widget-heading\" data-id=\"318111e\" data-element_type=\"widget\" data-e-type=\"widget\" data-widget_type=\"heading.default\">\n\t\t\t\t<div class=\"elementor-widget-container\">\n\t\t\t\t\t<h2 class=\"elementor-heading-title elementor-size-default\">Un enfoque sostenible de la exclusividad\n<\/h2>\t\t\t\t<\/div>\n\t\t\t\t<\/div>\n\t\t\t\t<div class=\"elementor-element elementor-element-8e03c83 elementor-widget-divider--view-line elementor-widget elementor-widget-divider\" data-id=\"8e03c83\" data-element_type=\"widget\" data-e-type=\"widget\" data-widget_type=\"divider.default\">\n\t\t\t\t<div class=\"elementor-widget-container\">\n\t\t\t\t\t\t\t<div class=\"elementor-divider\">\n\t\t\t<span class=\"elementor-divider-separator\">\n\t\t\t\t\t\t<\/span>\n\t\t<\/div>\n\t\t\t\t\t\t<\/div>\n\t\t\t\t<\/div>\n\t\t\t\t<div class=\"elementor-element elementor-element-0975096 elementor-widget elementor-widget-text-editor\" data-id=\"0975096\" data-element_type=\"widget\" data-e-type=\"widget\" data-widget_type=\"text-editor.default\">\n\t\t\t\t<div class=\"elementor-widget-container\">\n\t\t\t\t\t\t\t\t\t<p><span style=\"font-weight: 400;\">Curiosamente, el sector de los coches de lujo est\u00e1 evolucionando para cumplir los objetivos de sostenibilidad. Muchas marcas ofrecen ahora modelos h\u00edbridos y el\u00e9ctricos sin comprometer el prestigio ni las prestaciones. En consecuencia, los organizadores de eventos pueden alinear sus elecciones de veh\u00edculos con los valores modernos.  <\/span><\/p><p><span style=\"font-weight: 400;\">El Tesla Model X, el BMW i7 o el Mercedes EQS el\u00e9ctrico son ahora opciones populares en <\/span><b>alquiler de coches de lujo para eventos<\/b><span style=\"font-weight: 400;\">. Esto no s\u00f3lo reduce la huella de carbono, sino que tambi\u00e9n refuerza una imagen de marca con visi\u00f3n de futuro.<\/span><\/p>\t\t\t\t\t\t\t\t<\/div>\n\t\t\t\t<\/div>\n\t\t\t\t<\/div>\n\t\t\t\t\t<\/div>\n\t\t\t\t<\/div>\n\t\t<div class=\"elementor-element elementor-element-d1f13e5 e-flex e-con-boxed e-con e-parent\" data-id=\"d1f13e5\" data-element_type=\"container\" data-e-type=\"container\">\n\t\t\t\t\t<div class=\"e-con-inner\">\n\t\t<div class=\"elementor-element elementor-element-8645ef1 e-con-full e-flex e-con e-child\" data-id=\"8645ef1\" data-element_type=\"container\" data-e-type=\"container\">\n\t\t\t\t<div class=\"elementor-element elementor-element-45c6722 elementor-widget elementor-widget-heading\" data-id=\"45c6722\" data-element_type=\"widget\" data-e-type=\"widget\" data-widget_type=\"heading.default\">\n\t\t\t\t<div class=\"elementor-widget-container\">\n\t\t\t\t\t<h2 class=\"elementor-heading-title elementor-size-default\">Servicios a medida que van m\u00e1s all\u00e1 de la conducci\u00f3n\n<\/h2>\t\t\t\t<\/div>\n\t\t\t\t<\/div>\n\t\t\t\t<div class=\"elementor-element elementor-element-8965c89 elementor-widget-divider--view-line elementor-widget elementor-widget-divider\" data-id=\"8965c89\" data-element_type=\"widget\" data-e-type=\"widget\" data-widget_type=\"divider.default\">\n\t\t\t\t<div class=\"elementor-widget-container\">\n\t\t\t\t\t\t\t<div class=\"elementor-divider\">\n\t\t\t<span class=\"elementor-divider-separator\">\n\t\t\t\t\t\t<\/span>\n\t\t<\/div>\n\t\t\t\t\t\t<\/div>\n\t\t\t\t<\/div>\n\t\t\t\t<div class=\"elementor-element elementor-element-0562699 elementor-widget elementor-widget-text-editor\" data-id=\"0562699\" data-element_type=\"widget\" data-e-type=\"widget\" data-widget_type=\"text-editor.default\">\n\t\t\t\t<div class=\"elementor-widget-container\">\n\t\t\t\t\t\t\t\t\t<p><span style=\"font-weight: 400;\">Otra ventaja clave del alquiler de veh\u00edculos de gama alta para eventos es la disponibilidad de servicios adicionales. Ch\u00f3feres, marcas personalizadas, o incluso hacer coincidir el coche con un c\u00f3digo de vestimenta: todos estos elementos se pueden organizar. Este nivel de personalizaci\u00f3n transforma un alquiler en una experiencia.  <\/span><\/p><p><span style=\"font-weight: 400;\">Gracias al personal experto y al servicio de conserjer\u00eda, la planificaci\u00f3n se hace sin esfuerzo. El veh\u00edculo se presenta impecable, puntual y totalmente alineado con tus expectativas. Esta atenci\u00f3n al detalle se refleja directamente en la profesionalidad de tu evento.  <\/span><\/p>\t\t\t\t\t\t\t\t<\/div>\n\t\t\t\t<\/div>\n\t\t\t\t<\/div>\n\t\t\t\t\t<\/div>\n\t\t\t\t<\/div>\n\t\t<div class=\"elementor-element elementor-element-5f25f36 e-flex e-con-boxed e-con e-parent\" data-id=\"5f25f36\" data-element_type=\"container\" data-e-type=\"container\">\n\t\t\t\t\t<div class=\"e-con-inner\">\n\t\t<div class=\"elementor-element elementor-element-972ecda e-con-full e-flex e-con e-child\" data-id=\"972ecda\" data-element_type=\"container\" data-e-type=\"container\">\n\t\t\t\t<div class=\"elementor-element elementor-element-36cd67f elementor-widget elementor-widget-heading\" data-id=\"36cd67f\" data-element_type=\"widget\" data-e-type=\"widget\" data-widget_type=\"heading.default\">\n\t\t\t\t<div class=\"elementor-widget-container\">\n\t\t\t\t\t<h2 class=\"elementor-heading-title elementor-size-default\">Gesti\u00f3n de riesgos y fiabilidad\n<\/h2>\t\t\t\t<\/div>\n\t\t\t\t<\/div>\n\t\t\t\t<div class=\"elementor-element elementor-element-c946eed elementor-widget-divider--view-line elementor-widget elementor-widget-divider\" data-id=\"c946eed\" data-element_type=\"widget\" data-e-type=\"widget\" data-widget_type=\"divider.default\">\n\t\t\t\t<div class=\"elementor-widget-container\">\n\t\t\t\t\t\t\t<div class=\"elementor-divider\">\n\t\t\t<span class=\"elementor-divider-separator\">\n\t\t\t\t\t\t<\/span>\n\t\t<\/div>\n\t\t\t\t\t\t<\/div>\n\t\t\t\t<\/div>\n\t\t\t\t<div class=\"elementor-element elementor-element-a379f4b elementor-widget elementor-widget-text-editor\" data-id=\"a379f4b\" data-element_type=\"widget\" data-e-type=\"widget\" data-widget_type=\"text-editor.default\">\n\t\t\t\t<div class=\"elementor-widget-container\">\n\t\t\t\t\t\t\t\t\t<p><span style=\"font-weight: 400;\">Planificar un evento conlleva un estr\u00e9s inherente y m\u00faltiples variables. Afortunadamente,   <\/span><b>alquiler de coches de lujo para eventos<\/b><span style=\"font-weight: 400;\">  minimiza los riesgos asociados al transporte. Las empresas de gama alta mantienen sus flotas meticulosamente, asegur\u00e1ndose de que cada veh\u00edculo est\u00e9 en perfectas condiciones. <\/span><\/p><p><span style=\"font-weight: 400;\">Adem\u00e1s, la asistencia 24\/7, la planificaci\u00f3n de contingencias y las garant\u00edas de sustituci\u00f3n son est\u00e1ndar. Como resultado, los organizadores de eventos pueden centrarse en sus invitados y en el programa, en lugar de preocuparse de que los coches se aver\u00eden o de que los conductores lleguen tarde. <\/span><\/p>\t\t\t\t\t\t\t\t<\/div>\n\t\t\t\t<\/div>\n\t\t\t\t<\/div>\n\t\t\t\t\t<\/div>\n\t\t\t\t<\/div>\n\t\t<div class=\"elementor-element elementor-element-df0284c e-flex e-con-boxed e-con e-parent\" data-id=\"df0284c\" data-element_type=\"container\" data-e-type=\"container\">\n\t\t\t\t\t<div class=\"e-con-inner\">\n\t\t<div class=\"elementor-element elementor-element-03d1632 e-con-full e-flex e-con e-child\" data-id=\"03d1632\" data-element_type=\"container\" data-e-type=\"container\">\n\t\t\t\t<div class=\"elementor-element elementor-element-7cda5f4 elementor-widget elementor-widget-heading\" data-id=\"7cda5f4\" data-element_type=\"widget\" data-e-type=\"widget\" data-widget_type=\"heading.default\">\n\t\t\t\t<div class=\"elementor-widget-container\">\n\t\t\t\t\t<h2 class=\"elementor-heading-title elementor-size-default\">El lujo es un idioma: deja que hable el coche\n<\/h2>\t\t\t\t<\/div>\n\t\t\t\t<\/div>\n\t\t\t\t<div class=\"elementor-element elementor-element-a46f89b elementor-widget-divider--view-line elementor-widget elementor-widget-divider\" data-id=\"a46f89b\" data-element_type=\"widget\" data-e-type=\"widget\" data-widget_type=\"divider.default\">\n\t\t\t\t<div class=\"elementor-widget-container\">\n\t\t\t\t\t\t\t<div class=\"elementor-divider\">\n\t\t\t<span class=\"elementor-divider-separator\">\n\t\t\t\t\t\t<\/span>\n\t\t<\/div>\n\t\t\t\t\t\t<\/div>\n\t\t\t\t<\/div>\n\t\t\t\t<div class=\"elementor-element elementor-element-e250b67 elementor-widget elementor-widget-text-editor\" data-id=\"e250b67\" data-element_type=\"widget\" data-e-type=\"widget\" data-widget_type=\"text-editor.default\">\n\t\t\t\t<div class=\"elementor-widget-container\">\n\t\t\t\t\t\t\t\t\t<p><span style=\"font-weight: 400;\">En \u00faltima instancia, un coche de lujo es m\u00e1s que metal y motor. Habla un lenguaje de refinamiento, exclusividad y cuidado. Dice a tus invitados que se les valora. Le dice a tu p\u00fablico que los detalles importan. Y lo m\u00e1s importante, le dice al mundo que comprendes la importancia de la experiencia.    <\/span><\/p><p><span style=\"font-weight: 400;\">De este modo <\/span><b>alquiler de coches de lujo para eventos<\/b><span style=\"font-weight: 400;\">  se convierte en parte de una estrategia m\u00e1s amplia. Una que combina estilo con mensaje, comodidad con significado y movilidad con impacto. <\/span><\/p>\t\t\t\t\t\t\t\t<\/div>\n\t\t\t\t<\/div>\n\t\t\t\t<\/div>\n\t\t<div class=\"elementor-element elementor-element-8e9c359 e-con-full e-flex e-con e-child\" data-id=\"8e9c359\" data-element_type=\"container\" data-e-type=\"container\">\n\t\t\t\t<div class=\"elementor-element elementor-element-09967ec elementor-widget elementor-widget-image\" data-id=\"09967ec\" data-element_type=\"widget\" data-e-type=\"widget\" data-widget_type=\"image.default\">\n\t\t\t\t<div class=\"elementor-widget-container\">\n\t\t\t\t\t\t\t\t\t\t\t\t\t\t\t<img loading=\"lazy\" decoding=\"async\" width=\"2560\" height=\"1920\" src=\"https:\/\/ddluxurycar.wwwarcelona.net\/wp-content\/uploads\/2025\/03\/IMG_0344-scaled.png\" class=\"attachment-full size-full wp-image-2478\" alt=\"luxury car rental for events\" srcset=\"https:\/\/ddluxurycar.wwwarcelona.net\/wp-content\/uploads\/2025\/03\/IMG_0344-scaled.png 2560w, https:\/\/ddluxurycar.wwwarcelona.net\/wp-content\/uploads\/2025\/03\/IMG_0344-600x450.png 600w, https:\/\/ddluxurycar.wwwarcelona.net\/wp-content\/uploads\/2025\/03\/IMG_0344-300x225.png 300w, https:\/\/ddluxurycar.wwwarcelona.net\/wp-content\/uploads\/2025\/03\/IMG_0344-1024x768.png 1024w, https:\/\/ddluxurycar.wwwarcelona.net\/wp-content\/uploads\/2025\/03\/IMG_0344-768x576.png 768w, https:\/\/ddluxurycar.wwwarcelona.net\/wp-content\/uploads\/2025\/03\/IMG_0344-1536x1152.png 1536w, https:\/\/ddluxurycar.wwwarcelona.net\/wp-content\/uploads\/2025\/03\/IMG_0344-2048x1536.png 2048w, https:\/\/ddluxurycar.wwwarcelona.net\/wp-content\/uploads\/2025\/03\/IMG_0344-180x135.png 180w, https:\/\/ddluxurycar.wwwarcelona.net\/wp-content\/uploads\/2025\/03\/IMG_0344-360x270.png 360w, https:\/\/ddluxurycar.wwwarcelona.net\/wp-content\/uploads\/2025\/03\/IMG_0344-640x480.png 640w, https:\/\/ddluxurycar.wwwarcelona.net\/wp-content\/uploads\/2025\/03\/IMG_0344-1366x1025.png 1366w, https:\/\/ddluxurycar.wwwarcelona.net\/wp-content\/uploads\/2025\/03\/IMG_0344-1600x1200.png 1600w, https:\/\/ddluxurycar.wwwarcelona.net\/wp-content\/uploads\/2025\/03\/IMG_0344-1920x1440.png 1920w\" sizes=\"(max-width: 2560px) 100vw, 2560px\" \/>\t\t\t\t\t\t\t\t\t\t\t\t\t\t\t<\/div>\n\t\t\t\t<\/div>\n\t\t\t\t<\/div>\n\t\t\t\t\t<\/div>\n\t\t\t\t<\/div>\n\t\t<div class=\"elementor-element elementor-element-2133755 e-flex e-con-boxed e-con e-parent\" data-id=\"2133755\" data-element_type=\"container\" data-e-type=\"container\">\n\t\t\t\t\t<div class=\"e-con-inner\">\n\t\t<div class=\"elementor-element elementor-element-bc100ed e-con-full e-flex e-con e-child\" data-id=\"bc100ed\" data-element_type=\"container\" data-e-type=\"container\">\n\t\t\t\t<div class=\"elementor-element elementor-element-e8f4dee elementor-widget elementor-widget-heading\" data-id=\"e8f4dee\" data-element_type=\"widget\" data-e-type=\"widget\" data-widget_type=\"heading.default\">\n\t\t\t\t<div class=\"elementor-widget-container\">\n\t\t\t\t\t<h2 class=\"elementor-heading-title elementor-size-default\">Reflexiones finales: eleva tu evento sin esfuerzo\n<\/h2>\t\t\t\t<\/div>\n\t\t\t\t<\/div>\n\t\t\t\t<div class=\"elementor-element elementor-element-c6ab5b2 elementor-widget-divider--view-line elementor-widget elementor-widget-divider\" data-id=\"c6ab5b2\" data-element_type=\"widget\" data-e-type=\"widget\" data-widget_type=\"divider.default\">\n\t\t\t\t<div class=\"elementor-widget-container\">\n\t\t\t\t\t\t\t<div class=\"elementor-divider\">\n\t\t\t<span class=\"elementor-divider-separator\">\n\t\t\t\t\t\t<\/span>\n\t\t<\/div>\n\t\t\t\t\t\t<\/div>\n\t\t\t\t<\/div>\n\t\t\t\t<div class=\"elementor-element elementor-element-9f1c076 elementor-widget elementor-widget-text-editor\" data-id=\"9f1c076\" data-element_type=\"widget\" data-e-type=\"widget\" data-widget_type=\"text-editor.default\">\n\t\t\t\t<div class=\"elementor-widget-container\">\n\t\t\t\t\t\t\t\t\t<p><span style=\"font-weight: 400;\">En conclusi\u00f3n, elegir un veh\u00edculo de lujo para tu pr\u00f3ximo evento corporativo o social en Europa no es una cuesti\u00f3n trivial. Al contrario, desempe\u00f1a un papel fundamental para mejorar tu imagen, deleitar a los invitados y apoyar tus objetivos. <\/span><\/p><p><span style=\"font-weight: 400;\">Como las experiencias se recuerdan, y las primeras impresiones perduran, tu coche se convierte en una pieza central del puzzle del evento. Invertir en   <\/span><b>alquiler de coches de lujo para eventos<\/b><span style=\"font-weight: 400;\"> es, por tanto, una decisi\u00f3n inteligente e impactante que da resultados.<\/span><\/p><p><span style=\"font-weight: 400;\">Deja que el camino hacia tu evento sea tan impresionante como el propio evento.<\/span><\/p>\t\t\t\t\t\t\t\t<\/div>\n\t\t\t\t<\/div>\n\t\t\t\t<\/div>\n\t\t\t\t\t<\/div>\n\t\t\t\t<\/div>\n\t\t\t\t<\/div>\n\t\t","protected":false},"excerpt":{"rendered":"<p>Introducci\u00f3n Alquiler de coches de lujo para eventos no es s\u00f3lo una cuesti\u00f3n de comodidad; define el tono de cualquier ocasi\u00f3n de alto nivel. Tanto si organizas una reuni\u00f3n de empresa como una fastuosa celebraci\u00f3n social, la elecci\u00f3n del veh\u00edculo marca la pauta. Se convierte en la firma visual que refleja tu marca, gustos e [&hellip;]<\/p>\n","protected":false},"author":7,"featured_media":3213,"comment_status":"closed","ping_status":"closed","sticky":false,"template":"","format":"standard","meta":{"_acf_changed":false,"inline_featured_image":false,"footnotes":""},"categories":[28],"tags":[],"class_list":["post-3212","post","type-post","status-publish","format-standard","has-post-thumbnail","hentry","category-noticias"],"acf":[],"yoast_head":"<!-- This site is optimized with the Yoast SEO plugin v27.5 - https:\/\/yoast.com\/product\/yoast-seo-wordpress\/ -->\n<title>Alquiler de coches de lujo para eventos exclusivos en Europa<\/title>\n<meta name=\"description\" content=\"Descubre por qu\u00e9 el alquiler de coches de lujo para eventos en Europa es clave para causar una impresi\u00f3n duradera en ocasiones corporativas y sociales.\" \/>\n<meta name=\"robots\" content=\"index, follow, max-snippet:-1, max-image-preview:large, max-video-preview:-1\" \/>\n<link rel=\"canonical\" href=\"https:\/\/ddluxurycar.wwwarcelona.net\/es\/noticias\/alquiler-de-coches-de-lujo-para-eventos-exclusivos-en-europa\/\" \/>\n<meta property=\"og:locale\" content=\"es_ES\" \/>\n<meta property=\"og:type\" content=\"article\" \/>\n<meta property=\"og:title\" content=\"Alquiler de coches de lujo para eventos exclusivos en Europa\" \/>\n<meta property=\"og:description\" content=\"Descubre por qu\u00e9 el alquiler de coches de lujo para eventos en Europa es clave para causar una impresi\u00f3n duradera en ocasiones corporativas y sociales.\" \/>\n<meta property=\"og:url\" content=\"https:\/\/ddluxurycar.wwwarcelona.net\/es\/noticias\/alquiler-de-coches-de-lujo-para-eventos-exclusivos-en-europa\/\" \/>\n<meta property=\"og:site_name\" content=\"wordpress\" \/>\n<meta property=\"article:published_time\" content=\"2025-05-15T06:52:53+00:00\" \/>\n<meta property=\"article:modified_time\" content=\"2025-05-19T07:13:37+00:00\" \/>\n<meta property=\"og:image\" content=\"https:\/\/ddluxurycar.wwwarcelona.net\/wp-content\/uploads\/2025\/03\/pexels-shox-30507656-scaled.jpg\" \/>\n\t<meta property=\"og:image:width\" content=\"2560\" \/>\n\t<meta property=\"og:image:height\" content=\"1920\" \/>\n\t<meta property=\"og:image:type\" content=\"image\/jpeg\" \/>\n<meta name=\"author\" content=\"Support Wwwarcelona\" \/>\n<meta name=\"twitter:card\" content=\"summary_large_image\" \/>\n<meta name=\"twitter:label1\" content=\"Escrito por\" \/>\n\t<meta name=\"twitter:data1\" content=\"Support Wwwarcelona\" \/>\n\t<meta name=\"twitter:label2\" content=\"Tiempo de lectura\" \/>\n\t<meta name=\"twitter:data2\" content=\"7 minutos\" \/>\n<!-- \/ Yoast SEO plugin. -->","yoast_head_json":{"title":"Alquiler de coches de lujo para eventos exclusivos en Europa","description":"Descubre por qu\u00e9 el alquiler de coches de lujo para eventos en Europa es clave para causar una impresi\u00f3n duradera en ocasiones corporativas y sociales.","robots":{"index":"index","follow":"follow","max-snippet":"max-snippet:-1","max-image-preview":"max-image-preview:large","max-video-preview":"max-video-preview:-1"},"canonical":"https:\/\/ddluxurycar.wwwarcelona.net\/es\/noticias\/alquiler-de-coches-de-lujo-para-eventos-exclusivos-en-europa\/","og_locale":"es_ES","og_type":"article","og_title":"Alquiler de coches de lujo para eventos exclusivos en Europa","og_description":"Descubre por qu\u00e9 el alquiler de coches de lujo para eventos en Europa es clave para causar una impresi\u00f3n duradera en ocasiones corporativas y sociales.","og_url":"https:\/\/ddluxurycar.wwwarcelona.net\/es\/noticias\/alquiler-de-coches-de-lujo-para-eventos-exclusivos-en-europa\/","og_site_name":"wordpress","article_published_time":"2025-05-15T06:52:53+00:00","article_modified_time":"2025-05-19T07:13:37+00:00","og_image":[{"width":2560,"height":1920,"url":"https:\/\/ddluxurycar.wwwarcelona.net\/wp-content\/uploads\/2025\/03\/pexels-shox-30507656-scaled.jpg","type":"image\/jpeg"}],"author":"Support Wwwarcelona","twitter_card":"summary_large_image","twitter_misc":{"Escrito por":"Support Wwwarcelona","Tiempo de lectura":"7 minutos"},"schema":{"@context":"https:\/\/schema.org","@graph":[{"@type":"Article","@id":"https:\/\/ddluxurycar.wwwarcelona.net\/es\/noticias\/alquiler-de-coches-de-lujo-para-eventos-exclusivos-en-europa\/#article","isPartOf":{"@id":"https:\/\/ddluxurycar.wwwarcelona.net\/es\/noticias\/alquiler-de-coches-de-lujo-para-eventos-exclusivos-en-europa\/"},"author":{"name":"Support Wwwarcelona","@id":"https:\/\/ddluxurycar.wwwarcelona.net\/#\/schema\/person\/643bb61cc7e606ada6bbe6796b23fed1"},"headline":"Alquiler de coches de lujo para eventos exclusivos en Europa","datePublished":"2025-05-15T06:52:53+00:00","dateModified":"2025-05-19T07:13:37+00:00","mainEntityOfPage":{"@id":"https:\/\/ddluxurycar.wwwarcelona.net\/es\/noticias\/alquiler-de-coches-de-lujo-para-eventos-exclusivos-en-europa\/"},"wordCount":1403,"publisher":{"@id":"https:\/\/ddluxurycar.wwwarcelona.net\/#organization"},"image":{"@id":"https:\/\/ddluxurycar.wwwarcelona.net\/es\/noticias\/alquiler-de-coches-de-lujo-para-eventos-exclusivos-en-europa\/#primaryimage"},"thumbnailUrl":"https:\/\/ddluxurycar.wwwarcelona.net\/wp-content\/uploads\/2025\/03\/pexels-shox-30507656-scaled.jpg","articleSection":["Not\u00edcias"],"inLanguage":"es"},{"@type":"WebPage","@id":"https:\/\/ddluxurycar.wwwarcelona.net\/es\/noticias\/alquiler-de-coches-de-lujo-para-eventos-exclusivos-en-europa\/","url":"https:\/\/ddluxurycar.wwwarcelona.net\/es\/noticias\/alquiler-de-coches-de-lujo-para-eventos-exclusivos-en-europa\/","name":"Alquiler de coches de lujo para eventos exclusivos en Europa","isPartOf":{"@id":"https:\/\/ddluxurycar.wwwarcelona.net\/#website"},"primaryImageOfPage":{"@id":"https:\/\/ddluxurycar.wwwarcelona.net\/es\/noticias\/alquiler-de-coches-de-lujo-para-eventos-exclusivos-en-europa\/#primaryimage"},"image":{"@id":"https:\/\/ddluxurycar.wwwarcelona.net\/es\/noticias\/alquiler-de-coches-de-lujo-para-eventos-exclusivos-en-europa\/#primaryimage"},"thumbnailUrl":"https:\/\/ddluxurycar.wwwarcelona.net\/wp-content\/uploads\/2025\/03\/pexels-shox-30507656-scaled.jpg","datePublished":"2025-05-15T06:52:53+00:00","dateModified":"2025-05-19T07:13:37+00:00","description":"Descubre por qu\u00e9 el alquiler de coches de lujo para eventos en Europa es clave para causar una impresi\u00f3n duradera en ocasiones corporativas y sociales.","breadcrumb":{"@id":"https:\/\/ddluxurycar.wwwarcelona.net\/es\/noticias\/alquiler-de-coches-de-lujo-para-eventos-exclusivos-en-europa\/#breadcrumb"},"inLanguage":"es","potentialAction":[{"@type":"ReadAction","target":["https:\/\/ddluxurycar.wwwarcelona.net\/es\/noticias\/alquiler-de-coches-de-lujo-para-eventos-exclusivos-en-europa\/"]}]},{"@type":"ImageObject","inLanguage":"es","@id":"https:\/\/ddluxurycar.wwwarcelona.net\/es\/noticias\/alquiler-de-coches-de-lujo-para-eventos-exclusivos-en-europa\/#primaryimage","url":"https:\/\/ddluxurycar.wwwarcelona.net\/wp-content\/uploads\/2025\/03\/pexels-shox-30507656-scaled.jpg","contentUrl":"https:\/\/ddluxurycar.wwwarcelona.net\/wp-content\/uploads\/2025\/03\/pexels-shox-30507656-scaled.jpg","width":2560,"height":1920},{"@type":"BreadcrumbList","@id":"https:\/\/ddluxurycar.wwwarcelona.net\/es\/noticias\/alquiler-de-coches-de-lujo-para-eventos-exclusivos-en-europa\/#breadcrumb","itemListElement":[{"@type":"ListItem","position":1,"name":"Portada","item":"https:\/\/ddluxurycar.wwwarcelona.net\/es\/home\/"},{"@type":"ListItem","position":2,"name":"Alquiler de coches de lujo para eventos exclusivos en Europa"}]},{"@type":"WebSite","@id":"https:\/\/ddluxurycar.wwwarcelona.net\/#website","url":"https:\/\/ddluxurycar.wwwarcelona.net\/","name":"DDLuxuryCar","description":"Just another WordPress site","publisher":{"@id":"https:\/\/ddluxurycar.wwwarcelona.net\/#organization"},"potentialAction":[{"@type":"SearchAction","target":{"@type":"EntryPoint","urlTemplate":"https:\/\/ddluxurycar.wwwarcelona.net\/?s={search_term_string}"},"query-input":{"@type":"PropertyValueSpecification","valueRequired":true,"valueName":"search_term_string"}}],"inLanguage":"es"},{"@type":"Organization","@id":"https:\/\/ddluxurycar.wwwarcelona.net\/#organization","name":"DDLuxuryCar","url":"https:\/\/ddluxurycar.wwwarcelona.net\/","logo":{"@type":"ImageObject","inLanguage":"es","@id":"https:\/\/ddluxurycar.wwwarcelona.net\/#\/schema\/logo\/image\/","url":"https:\/\/ddluxurycar.wwwarcelona.net\/wp-content\/uploads\/2025\/03\/cropped-favicon.png","contentUrl":"https:\/\/ddluxurycar.wwwarcelona.net\/wp-content\/uploads\/2025\/03\/cropped-favicon.png","width":512,"height":512,"caption":"DDLuxuryCar"},"image":{"@id":"https:\/\/ddluxurycar.wwwarcelona.net\/#\/schema\/logo\/image\/"}},{"@type":"Person","@id":"https:\/\/ddluxurycar.wwwarcelona.net\/#\/schema\/person\/643bb61cc7e606ada6bbe6796b23fed1","name":"Support Wwwarcelona","image":{"@type":"ImageObject","inLanguage":"es","@id":"https:\/\/secure.gravatar.com\/avatar\/0c6819356538849544fe79abd31afb6f42861bbb96368a1f2151f9a226524dcd?s=96&d=mm&r=g","url":"https:\/\/secure.gravatar.com\/avatar\/0c6819356538849544fe79abd31afb6f42861bbb96368a1f2151f9a226524dcd?s=96&d=mm&r=g","contentUrl":"https:\/\/secure.gravatar.com\/avatar\/0c6819356538849544fe79abd31afb6f42861bbb96368a1f2151f9a226524dcd?s=96&d=mm&r=g","caption":"Support Wwwarcelona"}}]}},"_links":{"self":[{"href":"https:\/\/ddluxurycar.wwwarcelona.net\/es\/wp-json\/wp\/v2\/posts\/3212","targetHints":{"allow":["GET"]}}],"collection":[{"href":"https:\/\/ddluxurycar.wwwarcelona.net\/es\/wp-json\/wp\/v2\/posts"}],"about":[{"href":"https:\/\/ddluxurycar.wwwarcelona.net\/es\/wp-json\/wp\/v2\/types\/post"}],"author":[{"embeddable":true,"href":"https:\/\/ddluxurycar.wwwarcelona.net\/es\/wp-json\/wp\/v2\/users\/7"}],"replies":[{"embeddable":true,"href":"https:\/\/ddluxurycar.wwwarcelona.net\/es\/wp-json\/wp\/v2\/comments?post=3212"}],"version-history":[{"count":3,"href":"https:\/\/ddluxurycar.wwwarcelona.net\/es\/wp-json\/wp\/v2\/posts\/3212\/revisions"}],"predecessor-version":[{"id":3216,"href":"https:\/\/ddluxurycar.wwwarcelona.net\/es\/wp-json\/wp\/v2\/posts\/3212\/revisions\/3216"}],"wp:featuredmedia":[{"embeddable":true,"href":"https:\/\/ddluxurycar.wwwarcelona.net\/es\/wp-json\/wp\/v2\/media\/3213"}],"wp:attachment":[{"href":"https:\/\/ddluxurycar.wwwarcelona.net\/es\/wp-json\/wp\/v2\/media?parent=3212"}],"wp:term":[{"taxonomy":"category","embeddable":true,"href":"https:\/\/ddluxurycar.wwwarcelona.net\/es\/wp-json\/wp\/v2\/categories?post=3212"},{"taxonomy":"post_tag","embeddable":true,"href":"https:\/\/ddluxurycar.wwwarcelona.net\/es\/wp-json\/wp\/v2\/tags?post=3212"}],"curies":[{"name":"wp","href":"https:\/\/api.w.org\/{rel}","templated":true}]}}