{"id":3171,"date":"2025-05-14T12:08:05","date_gmt":"2025-05-14T10:08:05","guid":{"rendered":"https:\/\/ddluxurycar.wwwarcelona.net\/noticias\/mercedes-benz-clase-g-un-icono-de-estilo-y-seguridad\/"},"modified":"2025-05-16T09:16:30","modified_gmt":"2025-05-16T07:16:30","slug":"mercedes-benz-clase-g-un-icono-de-estilo-y-seguridad","status":"publish","type":"post","link":"https:\/\/ddluxurycar.wwwarcelona.net\/es\/noticies\/mercedes-benz-clase-g-un-icono-de-estilo-y-seguridad\/","title":{"rendered":"Mercedes-Benz Clase G: Un icono de estilo y seguridad"},"content":{"rendered":"\t\t<div data-elementor-type=\"wp-post\" data-elementor-id=\"3171\" class=\"elementor elementor-3171 elementor-2702\" data-elementor-post-type=\"post\">\n\t\t\t\t<div class=\"elementor-element elementor-element-ed916a3 e-flex e-con-boxed e-con e-parent\" data-id=\"ed916a3\" data-element_type=\"container\" data-e-type=\"container\">\n\t\t\t\t\t<div class=\"e-con-inner\">\n\t\t\t\t<div class=\"elementor-element elementor-element-f6aa630 elementor-widget elementor-widget-heading\" data-id=\"f6aa630\" data-element_type=\"widget\" data-e-type=\"widget\" data-widget_type=\"heading.default\">\n\t\t\t\t<div class=\"elementor-widget-container\">\n\t\t\t\t\t<h2 class=\"elementor-heading-title elementor-size-default\">Dise\u00f1o atemporal que impone respeto<\/h2>\t\t\t\t<\/div>\n\t\t\t\t<\/div>\n\t\t\t\t<div class=\"elementor-element elementor-element-3f87004 elementor-widget-divider--view-line elementor-widget elementor-widget-divider\" data-id=\"3f87004\" data-element_type=\"widget\" data-e-type=\"widget\" data-widget_type=\"divider.default\">\n\t\t\t\t<div class=\"elementor-widget-container\">\n\t\t\t\t\t\t\t<div class=\"elementor-divider\">\n\t\t\t<span class=\"elementor-divider-separator\">\n\t\t\t\t\t\t<\/span>\n\t\t<\/div>\n\t\t\t\t\t\t<\/div>\n\t\t\t\t<\/div>\n\t\t\t\t<div class=\"elementor-element elementor-element-1450bfb elementor-widget elementor-widget-text-editor\" data-id=\"1450bfb\" data-element_type=\"widget\" data-e-type=\"widget\" data-widget_type=\"text-editor.default\">\n\t\t\t\t<div class=\"elementor-widget-container\">\n\t\t\t\t\t\t\t\t\t<p data-pm-slice=\"1 1 []\">Ante todo, <strong>la Clase G de Mercedes-Benz<\/strong> presume de un dise\u00f1o reconocible al instante. A diferencia de muchos de sus coet\u00e1neos, que se someten a renovaciones espectaculares cada pocos a\u00f1os, la Clase G conserva su silueta cuadrada, un gui\u00f1o a su hist\u00f3rico pasado. Sin embargo, este exterior cl\u00e1sico no est\u00e1 exento de innovaci\u00f3n. Los sutiles refinamientos en iluminaci\u00f3n, huecos entre paneles y aerodin\u00e1mica se combinan a la perfecci\u00f3n con sus l\u00edneas ic\u00f3nicas, ofreciendo una armon\u00eda perfecta de herencia y modernidad.   <\/p><p>Adem\u00e1s, su imponente presencia en la carretera indica lujo sin pretensiones. Ya sea circulando por las calles de la ciudad o aparcada frente a un complejo tur\u00edstico de cinco estrellas, la Clase G llama la atenci\u00f3n por todas las razones correctas. <\/p>\t\t\t\t\t\t\t\t<\/div>\n\t\t\t\t<\/div>\n\t\t\t\t\t<\/div>\n\t\t\t\t<\/div>\n\t\t<div class=\"elementor-element elementor-element-2626c23 e-flex e-con-boxed e-con e-parent\" data-id=\"2626c23\" data-element_type=\"container\" data-e-type=\"container\">\n\t\t\t\t\t<div class=\"e-con-inner\">\n\t\t<div class=\"elementor-element elementor-element-1c691e2 e-con-full e-flex e-con e-child\" data-id=\"1c691e2\" data-element_type=\"container\" data-e-type=\"container\">\n\t\t\t\t<div class=\"elementor-element elementor-element-062c167 elementor-widget elementor-widget-heading\" data-id=\"062c167\" data-element_type=\"widget\" data-e-type=\"widget\" data-widget_type=\"heading.default\">\n\t\t\t\t<div class=\"elementor-widget-container\">\n\t\t\t\t\t<h2 class=\"elementor-heading-title elementor-size-default\">Rendimiento sin concesiones en carretera y fuera de ella<\/h2>\t\t\t\t<\/div>\n\t\t\t\t<\/div>\n\t\t\t\t<div class=\"elementor-element elementor-element-0ae9d22 elementor-widget-divider--view-line elementor-widget elementor-widget-divider\" data-id=\"0ae9d22\" data-element_type=\"widget\" data-e-type=\"widget\" data-widget_type=\"divider.default\">\n\t\t\t\t<div class=\"elementor-widget-container\">\n\t\t\t\t\t\t\t<div class=\"elementor-divider\">\n\t\t\t<span class=\"elementor-divider-separator\">\n\t\t\t\t\t\t<\/span>\n\t\t<\/div>\n\t\t\t\t\t\t<\/div>\n\t\t\t\t<\/div>\n\t\t\t\t<div class=\"elementor-element elementor-element-0588761 elementor-widget elementor-widget-text-editor\" data-id=\"0588761\" data-element_type=\"widget\" data-e-type=\"widget\" data-widget_type=\"text-editor.default\">\n\t\t\t\t<div class=\"elementor-widget-container\">\n\t\t\t\t\t\t\t\t\t<p data-pm-slice=\"1 1 []\">Adem\u00e1s de su aspecto cautivador, <strong>la Clase G de Mercedes-Benz<\/strong> es un centro neur\u00e1lgico de prestaciones. En el coraz\u00f3n de su capacidad se encuentra el motor biturbo AMG V8 de 4,0 litros, disponible en la variante G 63. Esta bestia proporciona una aceleraci\u00f3n estimulante al tiempo que mantiene una compostura excepcional.  <\/p><p>Adem\u00e1s, la Clase G destaca fuera de la carretera gracias a sus tres diferenciales bloqueables, su estructura de bastidor en escalera y su avanzado sistema de tracci\u00f3n total. Tanto si recorres senderos de monta\u00f1a rocosos como si te abres paso por carreteras secundarias nevadas, inspira confianza a cada paso. <\/p>\t\t\t\t\t\t\t\t<\/div>\n\t\t\t\t<\/div>\n\t\t\t\t<\/div>\n\t\t<div class=\"elementor-element elementor-element-5fcc6ea e-con-full e-flex e-con e-child\" data-id=\"5fcc6ea\" data-element_type=\"container\" data-e-type=\"container\">\n\t\t\t\t<div class=\"elementor-element elementor-element-325a20d elementor-widget elementor-widget-image\" data-id=\"325a20d\" data-element_type=\"widget\" data-e-type=\"widget\" data-widget_type=\"image.default\">\n\t\t\t\t<div class=\"elementor-widget-container\">\n\t\t\t\t\t\t\t\t\t\t\t\t\t\t\t<img fetchpriority=\"high\" decoding=\"async\" width=\"1024\" height=\"1024\" src=\"https:\/\/ddluxurycar.wwwarcelona.net\/wp-content\/uploads\/2025\/05\/u8315455948_A_photorealistic_4K_image_of_the_latest_Mercedes-_27328307-c6c2-4101-b7b8-6480412e4cc6_1.png\" class=\"attachment-full size-full wp-image-3172\" alt=\"\" srcset=\"https:\/\/ddluxurycar.wwwarcelona.net\/wp-content\/uploads\/2025\/05\/u8315455948_A_photorealistic_4K_image_of_the_latest_Mercedes-_27328307-c6c2-4101-b7b8-6480412e4cc6_1.png 1024w, https:\/\/ddluxurycar.wwwarcelona.net\/wp-content\/uploads\/2025\/05\/u8315455948_A_photorealistic_4K_image_of_the_latest_Mercedes-_27328307-c6c2-4101-b7b8-6480412e4cc6_1-300x300.png 300w, https:\/\/ddluxurycar.wwwarcelona.net\/wp-content\/uploads\/2025\/05\/u8315455948_A_photorealistic_4K_image_of_the_latest_Mercedes-_27328307-c6c2-4101-b7b8-6480412e4cc6_1-100x100.png 100w, https:\/\/ddluxurycar.wwwarcelona.net\/wp-content\/uploads\/2025\/05\/u8315455948_A_photorealistic_4K_image_of_the_latest_Mercedes-_27328307-c6c2-4101-b7b8-6480412e4cc6_1-600x600.png 600w, https:\/\/ddluxurycar.wwwarcelona.net\/wp-content\/uploads\/2025\/05\/u8315455948_A_photorealistic_4K_image_of_the_latest_Mercedes-_27328307-c6c2-4101-b7b8-6480412e4cc6_1-150x150.png 150w, https:\/\/ddluxurycar.wwwarcelona.net\/wp-content\/uploads\/2025\/05\/u8315455948_A_photorealistic_4K_image_of_the_latest_Mercedes-_27328307-c6c2-4101-b7b8-6480412e4cc6_1-768x768.png 768w, https:\/\/ddluxurycar.wwwarcelona.net\/wp-content\/uploads\/2025\/05\/u8315455948_A_photorealistic_4K_image_of_the_latest_Mercedes-_27328307-c6c2-4101-b7b8-6480412e4cc6_1-180x180.png 180w, https:\/\/ddluxurycar.wwwarcelona.net\/wp-content\/uploads\/2025\/05\/u8315455948_A_photorealistic_4K_image_of_the_latest_Mercedes-_27328307-c6c2-4101-b7b8-6480412e4cc6_1-360x360.png 360w, https:\/\/ddluxurycar.wwwarcelona.net\/wp-content\/uploads\/2025\/05\/u8315455948_A_photorealistic_4K_image_of_the_latest_Mercedes-_27328307-c6c2-4101-b7b8-6480412e4cc6_1-640x640.png 640w\" sizes=\"(max-width: 1024px) 100vw, 1024px\" \/>\t\t\t\t\t\t\t\t\t\t\t\t\t\t\t<\/div>\n\t\t\t\t<\/div>\n\t\t\t\t<\/div>\n\t\t\t\t\t<\/div>\n\t\t\t\t<\/div>\n\t\t<div class=\"elementor-element elementor-element-601c591 e-flex e-con-boxed e-con e-parent\" data-id=\"601c591\" data-element_type=\"container\" data-e-type=\"container\">\n\t\t\t\t\t<div class=\"e-con-inner\">\n\t\t<div class=\"elementor-element elementor-element-1512f15 e-con-full e-flex e-con e-child\" data-id=\"1512f15\" data-element_type=\"container\" data-e-type=\"container\">\n\t\t\t\t<div class=\"elementor-element elementor-element-d623c74 elementor-widget elementor-widget-heading\" data-id=\"d623c74\" data-element_type=\"widget\" data-e-type=\"widget\" data-widget_type=\"heading.default\">\n\t\t\t\t<div class=\"elementor-widget-container\">\n\t\t\t\t\t<h2 class=\"elementor-heading-title elementor-size-default\">Lujo redefinido en la cabina<\/h2>\t\t\t\t<\/div>\n\t\t\t\t<\/div>\n\t\t\t\t<div class=\"elementor-element elementor-element-1fd4abb elementor-widget-divider--view-line elementor-widget elementor-widget-divider\" data-id=\"1fd4abb\" data-element_type=\"widget\" data-e-type=\"widget\" data-widget_type=\"divider.default\">\n\t\t\t\t<div class=\"elementor-widget-container\">\n\t\t\t\t\t\t\t<div class=\"elementor-divider\">\n\t\t\t<span class=\"elementor-divider-separator\">\n\t\t\t\t\t\t<\/span>\n\t\t<\/div>\n\t\t\t\t\t\t<\/div>\n\t\t\t\t<\/div>\n\t\t\t\t<div class=\"elementor-element elementor-element-ce60b40 elementor-widget elementor-widget-text-editor\" data-id=\"ce60b40\" data-element_type=\"widget\" data-e-type=\"widget\" data-widget_type=\"text-editor.default\">\n\t\t\t\t<div class=\"elementor-widget-container\">\n\t\t\t\t\t\t\t\t\t<p data-pm-slice=\"1 1 []\">En el interior, la Clase G es opulenta. En cuanto entras en el habit\u00e1culo, te recibe un ambiente que fusiona la artesan\u00eda tradicional con la tecnolog\u00eda m\u00e1s avanzada. La tapicer\u00eda de cuero fino, las molduras de madera aut\u00e9ntica y los detalles met\u00e1licos crean una experiencia t\u00e1ctil que rivaliza con la de los mejores hoteles de lujo.  <\/p><p>M\u00e1s all\u00e1 de la est\u00e9tica, el habit\u00e1culo est\u00e1 dise\u00f1ado tanto para el confort como para el control. Los asientos masajeadores calefactados y ventilados, la pantalla dual de 12,3 pulgadas y la iluminaci\u00f3n ambiental permiten una experiencia de conducci\u00f3n totalmente personalizable. En particular, el intuitivo sistema de infoentretenimiento MBUX proporciona control por voz, navegaci\u00f3n e integraci\u00f3n con el smartphone, garantizando que la comodidad est\u00e9 siempre al alcance de la mano.  <\/p>\t\t\t\t\t\t\t\t<\/div>\n\t\t\t\t<\/div>\n\t\t\t\t<\/div>\n\t\t<div class=\"elementor-element elementor-element-d4f5b60 e-con-full e-flex e-con e-child\" data-id=\"d4f5b60\" data-element_type=\"container\" data-e-type=\"container\">\n\t\t\t\t<div class=\"elementor-element elementor-element-29769a6 elementor-widget elementor-widget-image\" data-id=\"29769a6\" data-element_type=\"widget\" data-e-type=\"widget\" data-widget_type=\"image.default\">\n\t\t\t\t<div class=\"elementor-widget-container\">\n\t\t\t\t\t\t\t\t\t\t\t\t\t\t\t<img decoding=\"async\" width=\"1024\" height=\"1024\" src=\"https:\/\/ddluxurycar.wwwarcelona.net\/wp-content\/uploads\/2025\/04\/mercedes_g_class.png\" class=\"attachment-full size-full wp-image-2936\" alt=\"\" srcset=\"https:\/\/ddluxurycar.wwwarcelona.net\/wp-content\/uploads\/2025\/04\/mercedes_g_class.png 1024w, https:\/\/ddluxurycar.wwwarcelona.net\/wp-content\/uploads\/2025\/04\/mercedes_g_class-300x300.png 300w, https:\/\/ddluxurycar.wwwarcelona.net\/wp-content\/uploads\/2025\/04\/mercedes_g_class-100x100.png 100w, https:\/\/ddluxurycar.wwwarcelona.net\/wp-content\/uploads\/2025\/04\/mercedes_g_class-600x600.png 600w, https:\/\/ddluxurycar.wwwarcelona.net\/wp-content\/uploads\/2025\/04\/mercedes_g_class-150x150.png 150w, https:\/\/ddluxurycar.wwwarcelona.net\/wp-content\/uploads\/2025\/04\/mercedes_g_class-768x768.png 768w, https:\/\/ddluxurycar.wwwarcelona.net\/wp-content\/uploads\/2025\/04\/mercedes_g_class-180x180.png 180w, https:\/\/ddluxurycar.wwwarcelona.net\/wp-content\/uploads\/2025\/04\/mercedes_g_class-360x360.png 360w, https:\/\/ddluxurycar.wwwarcelona.net\/wp-content\/uploads\/2025\/04\/mercedes_g_class-640x640.png 640w\" sizes=\"(max-width: 1024px) 100vw, 1024px\" \/>\t\t\t\t\t\t\t\t\t\t\t\t\t\t\t<\/div>\n\t\t\t\t<\/div>\n\t\t\t\t<\/div>\n\t\t\t\t\t<\/div>\n\t\t\t\t<\/div>\n\t\t<div class=\"elementor-element elementor-element-5fb82f5 e-flex e-con-boxed e-con e-parent\" data-id=\"5fb82f5\" data-element_type=\"container\" data-e-type=\"container\">\n\t\t\t\t\t<div class=\"e-con-inner\">\n\t\t<div class=\"elementor-element elementor-element-4fff835 e-con-full e-flex e-con e-child\" data-id=\"4fff835\" data-element_type=\"container\" data-e-type=\"container\">\n\t\t\t\t<div class=\"elementor-element elementor-element-d3326f8 elementor-widget elementor-widget-heading\" data-id=\"d3326f8\" data-element_type=\"widget\" data-e-type=\"widget\" data-widget_type=\"heading.default\">\n\t\t\t\t<div class=\"elementor-widget-container\">\n\t\t\t\t\t<h2 class=\"elementor-heading-title elementor-size-default\">Un referente en seguridad automovil\u00edstica<\/h2>\t\t\t\t<\/div>\n\t\t\t\t<\/div>\n\t\t\t\t<div class=\"elementor-element elementor-element-bfd5744 elementor-widget-divider--view-line elementor-widget elementor-widget-divider\" data-id=\"bfd5744\" data-element_type=\"widget\" data-e-type=\"widget\" data-widget_type=\"divider.default\">\n\t\t\t\t<div class=\"elementor-widget-container\">\n\t\t\t\t\t\t\t<div class=\"elementor-divider\">\n\t\t\t<span class=\"elementor-divider-separator\">\n\t\t\t\t\t\t<\/span>\n\t\t<\/div>\n\t\t\t\t\t\t<\/div>\n\t\t\t\t<\/div>\n\t\t\t\t<div class=\"elementor-element elementor-element-caf6b94 elementor-widget elementor-widget-text-editor\" data-id=\"caf6b94\" data-element_type=\"widget\" data-e-type=\"widget\" data-widget_type=\"text-editor.default\">\n\t\t\t\t<div class=\"elementor-widget-container\">\n\t\t\t\t\t\t\t\t\t<p data-pm-slice=\"1 1 []\">La seguridad siempre ha sido una piedra angular de la filosof\u00eda de <strong>la Clase G de Mercedes-Benz<\/strong>. Aunque originalmente se construy\u00f3 para ser duradera en las condiciones m\u00e1s duras, la Clase G actual tambi\u00e9n est\u00e1 equipada con tecnolog\u00edas de seguridad de \u00faltima generaci\u00f3n. <\/p><p>A modo de ejemplo, caracter\u00edsticas como el Asistente de Frenado Activo, el Control de \u00c1ngulo Muerto y el Control de Crucero Adaptativo ofrecen capas de protecci\u00f3n tanto para el conductor como para los pasajeros. Adem\u00e1s, la estructura de alta resistencia de la carrocer\u00eda de la Clase G y los m\u00faltiples airbags mejoran la seguridad pasiva. En situaciones reales, esto se traduce en una mayor tranquilidad en cada viaje.  <\/p>\t\t\t\t\t\t\t\t<\/div>\n\t\t\t\t<\/div>\n\t\t\t\t<\/div>\n\t\t\t\t\t<\/div>\n\t\t\t\t<\/div>\n\t\t<div class=\"elementor-element elementor-element-7cca5f0 e-flex e-con-boxed e-con e-parent\" data-id=\"7cca5f0\" data-element_type=\"container\" data-e-type=\"container\">\n\t\t\t\t\t<div class=\"e-con-inner\">\n\t\t<div class=\"elementor-element elementor-element-79feb45 e-con-full e-flex e-con e-child\" data-id=\"79feb45\" data-element_type=\"container\" data-e-type=\"container\">\n\t\t\t\t<div class=\"elementor-element elementor-element-d91cbfb elementor-widget elementor-widget-heading\" data-id=\"d91cbfb\" data-element_type=\"widget\" data-e-type=\"widget\" data-widget_type=\"heading.default\">\n\t\t\t\t<div class=\"elementor-widget-container\">\n\t\t\t\t\t<h2 class=\"elementor-heading-title elementor-size-default\">Tecnolog\u00eda de vanguardia que mejora cada trayecto<\/h2>\t\t\t\t<\/div>\n\t\t\t\t<\/div>\n\t\t\t\t<div class=\"elementor-element elementor-element-2609370 elementor-widget-divider--view-line elementor-widget elementor-widget-divider\" data-id=\"2609370\" data-element_type=\"widget\" data-e-type=\"widget\" data-widget_type=\"divider.default\">\n\t\t\t\t<div class=\"elementor-widget-container\">\n\t\t\t\t\t\t\t<div class=\"elementor-divider\">\n\t\t\t<span class=\"elementor-divider-separator\">\n\t\t\t\t\t\t<\/span>\n\t\t<\/div>\n\t\t\t\t\t\t<\/div>\n\t\t\t\t<\/div>\n\t\t\t\t<div class=\"elementor-element elementor-element-a807e6a elementor-widget elementor-widget-text-editor\" data-id=\"a807e6a\" data-element_type=\"widget\" data-e-type=\"widget\" data-widget_type=\"text-editor.default\">\n\t\t\t\t<div class=\"elementor-widget-container\">\n\t\t\t\t\t\t\t\t\t<p data-pm-slice=\"1 1 []\">Por otra parte, no se puede exagerar la proeza tecnol\u00f3gica de la Clase G. M\u00e1s all\u00e1 de la seguridad, el veh\u00edculo incorpora numerosos sistemas inteligentes dise\u00f1ados para mejorar la comodidad y las prestaciones. Los modos de conducci\u00f3n Dynamic Select permiten al conductor ajustar con precisi\u00f3n la suspensi\u00f3n, la respuesta del acelerador y el esfuerzo de la direcci\u00f3n en funci\u00f3n de las condiciones de la carretera o de sus preferencias personales.  <\/p><p>Al mismo tiempo, el sistema de sonido envolvente Burmester ofrece una experiencia de audio de sala de conciertos, mientras que la carga inal\u00e1mbrica y los m\u00faltiples puertos USB-C garantizan que los dispositivos est\u00e9n siempre alimentados. Para los que exigen lo \u00faltimo en innovaci\u00f3n, la Clase G lo ofrece sin concesiones. <\/p>\t\t\t\t\t\t\t\t<\/div>\n\t\t\t\t<\/div>\n\t\t\t\t<\/div>\n\t\t<div class=\"elementor-element elementor-element-e93df4c e-con-full e-flex e-con e-child\" data-id=\"e93df4c\" data-element_type=\"container\" data-e-type=\"container\">\n\t\t\t\t<div class=\"elementor-element elementor-element-60cb8e4 elementor-widget elementor-widget-image\" data-id=\"60cb8e4\" data-element_type=\"widget\" data-e-type=\"widget\" data-widget_type=\"image.default\">\n\t\t\t\t<div class=\"elementor-widget-container\">\n\t\t\t\t\t\t\t\t\t\t\t\t\t\t\t<img decoding=\"async\" width=\"1024\" height=\"1024\" src=\"https:\/\/ddluxurycar.wwwarcelona.net\/wp-content\/uploads\/2025\/05\/u8315455948_A_photorealistic_4K_image_of_the_latest_Mercedes-_86bc6df2-d5b0-4516-9f20-550a88a312f7_3.png\" class=\"attachment-full size-full wp-image-2716\" alt=\"Mercedes-Benz G-Class\" srcset=\"https:\/\/ddluxurycar.wwwarcelona.net\/wp-content\/uploads\/2025\/05\/u8315455948_A_photorealistic_4K_image_of_the_latest_Mercedes-_86bc6df2-d5b0-4516-9f20-550a88a312f7_3.png 1024w, https:\/\/ddluxurycar.wwwarcelona.net\/wp-content\/uploads\/2025\/05\/u8315455948_A_photorealistic_4K_image_of_the_latest_Mercedes-_86bc6df2-d5b0-4516-9f20-550a88a312f7_3-300x300.png 300w, https:\/\/ddluxurycar.wwwarcelona.net\/wp-content\/uploads\/2025\/05\/u8315455948_A_photorealistic_4K_image_of_the_latest_Mercedes-_86bc6df2-d5b0-4516-9f20-550a88a312f7_3-100x100.png 100w, https:\/\/ddluxurycar.wwwarcelona.net\/wp-content\/uploads\/2025\/05\/u8315455948_A_photorealistic_4K_image_of_the_latest_Mercedes-_86bc6df2-d5b0-4516-9f20-550a88a312f7_3-600x600.png 600w, https:\/\/ddluxurycar.wwwarcelona.net\/wp-content\/uploads\/2025\/05\/u8315455948_A_photorealistic_4K_image_of_the_latest_Mercedes-_86bc6df2-d5b0-4516-9f20-550a88a312f7_3-150x150.png 150w, https:\/\/ddluxurycar.wwwarcelona.net\/wp-content\/uploads\/2025\/05\/u8315455948_A_photorealistic_4K_image_of_the_latest_Mercedes-_86bc6df2-d5b0-4516-9f20-550a88a312f7_3-768x768.png 768w, https:\/\/ddluxurycar.wwwarcelona.net\/wp-content\/uploads\/2025\/05\/u8315455948_A_photorealistic_4K_image_of_the_latest_Mercedes-_86bc6df2-d5b0-4516-9f20-550a88a312f7_3-180x180.png 180w, https:\/\/ddluxurycar.wwwarcelona.net\/wp-content\/uploads\/2025\/05\/u8315455948_A_photorealistic_4K_image_of_the_latest_Mercedes-_86bc6df2-d5b0-4516-9f20-550a88a312f7_3-360x360.png 360w, https:\/\/ddluxurycar.wwwarcelona.net\/wp-content\/uploads\/2025\/05\/u8315455948_A_photorealistic_4K_image_of_the_latest_Mercedes-_86bc6df2-d5b0-4516-9f20-550a88a312f7_3-640x640.png 640w\" sizes=\"(max-width: 1024px) 100vw, 1024px\" \/>\t\t\t\t\t\t\t\t\t\t\t\t\t\t\t<\/div>\n\t\t\t\t<\/div>\n\t\t\t\t<\/div>\n\t\t\t\t\t<\/div>\n\t\t\t\t<\/div>\n\t\t<div class=\"elementor-element elementor-element-0e4d9a6 e-flex e-con-boxed e-con e-parent\" data-id=\"0e4d9a6\" data-element_type=\"container\" data-e-type=\"container\">\n\t\t\t\t\t<div class=\"e-con-inner\">\n\t\t<div class=\"elementor-element elementor-element-b8277cc e-con-full e-flex e-con e-child\" data-id=\"b8277cc\" data-element_type=\"container\" data-e-type=\"container\">\n\t\t\t\t<div class=\"elementor-element elementor-element-489679f elementor-widget elementor-widget-heading\" data-id=\"489679f\" data-element_type=\"widget\" data-e-type=\"widget\" data-widget_type=\"heading.default\">\n\t\t\t\t<div class=\"elementor-widget-container\">\n\t\t\t\t\t<h2 class=\"elementor-heading-title elementor-size-default\">Exclusividad y prestigio en cada detalle<\/h2>\t\t\t\t<\/div>\n\t\t\t\t<\/div>\n\t\t\t\t<div class=\"elementor-element elementor-element-18ef9fd elementor-widget-divider--view-line elementor-widget elementor-widget-divider\" data-id=\"18ef9fd\" data-element_type=\"widget\" data-e-type=\"widget\" data-widget_type=\"divider.default\">\n\t\t\t\t<div class=\"elementor-widget-container\">\n\t\t\t\t\t\t\t<div class=\"elementor-divider\">\n\t\t\t<span class=\"elementor-divider-separator\">\n\t\t\t\t\t\t<\/span>\n\t\t<\/div>\n\t\t\t\t\t\t<\/div>\n\t\t\t\t<\/div>\n\t\t\t\t<div class=\"elementor-element elementor-element-256bdee elementor-widget elementor-widget-text-editor\" data-id=\"256bdee\" data-element_type=\"widget\" data-e-type=\"widget\" data-widget_type=\"text-editor.default\">\n\t\t\t\t<div class=\"elementor-widget-container\">\n\t\t\t\t\t\t\t\t\t<p data-pm-slice=\"1 1 []\">Cada elemento de la <strong>Clase G<\/strong> de Mercedes-Benz rezuma exclusividad. Desde el meticuloso proceso de montaje a mano hasta las opciones de dise\u00f1o personalizables que ofrece el programa G Manufaktur de Mercedes-Benz, no hay dos veh\u00edculos Clase G iguales. Este nivel de personalizaci\u00f3n eleva la experiencia de propiedad, convirtiendo un coche de lujo en una declaraci\u00f3n personal.  <\/p><p>En particular, los clientes pueden elegir entre docenas de colores exteriores, interiores de cuero a medida y dise\u00f1os de llantas, lo que permite una individualidad sin igual. Para los que aprecian las cosas buenas de la vida, la Clase G es \u00fanica en su capacidad de combinar personalizaci\u00f3n y prestaciones. <\/p>\t\t\t\t\t\t\t\t<\/div>\n\t\t\t\t<\/div>\n\t\t\t\t<\/div>\n\t\t\t\t\t<\/div>\n\t\t\t\t<\/div>\n\t\t<div class=\"elementor-element elementor-element-ff94bf9 e-flex e-con-boxed e-con e-parent\" data-id=\"ff94bf9\" data-element_type=\"container\" data-e-type=\"container\">\n\t\t\t\t\t<div class=\"e-con-inner\">\n\t\t<div class=\"elementor-element elementor-element-46211d6 e-con-full e-flex e-con e-child\" data-id=\"46211d6\" data-element_type=\"container\" data-e-type=\"container\">\n\t\t\t\t<div class=\"elementor-element elementor-element-dfd104c elementor-widget elementor-widget-heading\" data-id=\"dfd104c\" data-element_type=\"widget\" data-e-type=\"widget\" data-widget_type=\"heading.default\">\n\t\t\t\t<div class=\"elementor-widget-container\">\n\t\t\t\t\t<h2 class=\"elementor-heading-title elementor-size-default\">Por qu\u00e9 la Clase G es una leyenda viva<\/h2>\t\t\t\t<\/div>\n\t\t\t\t<\/div>\n\t\t\t\t<div class=\"elementor-element elementor-element-8044363 elementor-widget-divider--view-line elementor-widget elementor-widget-divider\" data-id=\"8044363\" data-element_type=\"widget\" data-e-type=\"widget\" data-widget_type=\"divider.default\">\n\t\t\t\t<div class=\"elementor-widget-container\">\n\t\t\t\t\t\t\t<div class=\"elementor-divider\">\n\t\t\t<span class=\"elementor-divider-separator\">\n\t\t\t\t\t\t<\/span>\n\t\t<\/div>\n\t\t\t\t\t\t<\/div>\n\t\t\t\t<\/div>\n\t\t\t\t<div class=\"elementor-element elementor-element-c1b1073 elementor-widget elementor-widget-text-editor\" data-id=\"c1b1073\" data-element_type=\"widget\" data-e-type=\"widget\" data-widget_type=\"text-editor.default\">\n\t\t\t\t<div class=\"elementor-widget-container\">\n\t\t\t\t\t\t\t\t\t<p data-pm-slice=\"1 1 []\">En definitiva, <strong>la Clase G de Mercedes-Benz<\/strong> sigue reinando en el mundo de los SUV de lujo. Su mezcla \u00fanica de capacidad robusta, confort lujoso y sofisticaci\u00f3n tecnol\u00f3gica garantiza que se mantenga en la cima del dise\u00f1o automovil\u00edstico. <\/p><p>A medida que evolucionan las expectativas de los consumidores, la Clase G se adapta, sin comprometer nunca su identidad principal. Este equilibrio entre tradici\u00f3n e innovaci\u00f3n es lo que hace de la Clase G no s\u00f3lo un veh\u00edculo, sino un legado. Tanto si est\u00e1s al volante como si lo admiras desde lejos, est\u00e1 claro por qu\u00e9 la Clase G ocupa un lugar perdurable en el coraz\u00f3n de los entusiastas del autom\u00f3vil.  <\/p>\t\t\t\t\t\t\t\t<\/div>\n\t\t\t\t<\/div>\n\t\t\t\t<\/div>\n\t\t\t\t\t<\/div>\n\t\t\t\t<\/div>\n\t\t\t\t<\/div>\n\t\t","protected":false},"excerpt":{"rendered":"<p>Dise\u00f1o atemporal que impone respeto Ante todo, la Clase G de Mercedes-Benz presume de un dise\u00f1o reconocible al instante. A diferencia de muchos de sus coet\u00e1neos, que se someten a renovaciones espectaculares cada pocos a\u00f1os, la Clase G conserva su silueta cuadrada, un gui\u00f1o a su hist\u00f3rico pasado. Sin embargo, este exterior cl\u00e1sico no est\u00e1 [&hellip;]<\/p>\n","protected":false},"author":7,"featured_media":3172,"comment_status":"closed","ping_status":"closed","sticky":false,"template":"","format":"standard","meta":{"_acf_changed":false,"inline_featured_image":false,"footnotes":""},"categories":[],"tags":[],"class_list":["post-3171","post","type-post","status-publish","format-standard","has-post-thumbnail","hentry"],"acf":[],"yoast_head":"<!-- This site is optimized with the Yoast SEO plugin v27.5 - https:\/\/yoast.com\/product\/yoast-seo-wordpress\/ -->\n<title>Mercedes-Benz Clase G: Un icono de estilo y seguridad<\/title>\n<meta name=\"description\" content=\"Descubre por qu\u00e9 la Clase G de Mercedes-Benz es el m\u00e1ximo s\u00edmbolo de lujo, seguridad y prestaciones. Explora su dise\u00f1o y su avanzada tecnolog\u00eda.\" \/>\n<meta name=\"robots\" content=\"index, follow, max-snippet:-1, max-image-preview:large, max-video-preview:-1\" \/>\n<link rel=\"canonical\" href=\"https:\/\/ddluxurycar.wwwarcelona.net\/es\/noticias\/mercedes-benz-clase-g-un-icono-de-estilo-y-seguridad\/\" \/>\n<meta property=\"og:locale\" content=\"es_ES\" \/>\n<meta property=\"og:type\" content=\"article\" \/>\n<meta property=\"og:title\" content=\"Mercedes-Benz Clase G: Un icono de estilo y seguridad\" \/>\n<meta property=\"og:description\" content=\"Descubre por qu\u00e9 la Clase G de Mercedes-Benz es el m\u00e1ximo s\u00edmbolo de lujo, seguridad y prestaciones. Explora su dise\u00f1o y su avanzada tecnolog\u00eda.\" \/>\n<meta property=\"og:url\" content=\"https:\/\/ddluxurycar.wwwarcelona.net\/es\/noticias\/mercedes-benz-clase-g-un-icono-de-estilo-y-seguridad\/\" \/>\n<meta property=\"og:site_name\" content=\"wordpress\" \/>\n<meta property=\"article:published_time\" content=\"2025-05-14T10:08:05+00:00\" \/>\n<meta property=\"article:modified_time\" content=\"2025-05-16T07:16:30+00:00\" \/>\n<meta property=\"og:image\" content=\"https:\/\/ddluxurycar.wwwarcelona.net\/wp-content\/uploads\/2025\/05\/u8315455948_A_photorealistic_4K_image_of_the_latest_Mercedes-_27328307-c6c2-4101-b7b8-6480412e4cc6_1.png\" \/>\n\t<meta property=\"og:image:width\" content=\"1024\" \/>\n\t<meta property=\"og:image:height\" content=\"1024\" \/>\n\t<meta property=\"og:image:type\" content=\"image\/png\" \/>\n<meta name=\"author\" content=\"Support Wwwarcelona\" \/>\n<meta name=\"twitter:card\" content=\"summary_large_image\" \/>\n<meta name=\"twitter:label1\" content=\"Escrito por\" \/>\n\t<meta name=\"twitter:data1\" content=\"Support Wwwarcelona\" \/>\n\t<meta name=\"twitter:label2\" content=\"Tiempo de lectura\" \/>\n\t<meta name=\"twitter:data2\" content=\"5 minutos\" \/>\n<!-- \/ Yoast SEO plugin. -->","yoast_head_json":{"title":"Mercedes-Benz Clase G: Un icono de estilo y seguridad","description":"Descubre por qu\u00e9 la Clase G de Mercedes-Benz es el m\u00e1ximo s\u00edmbolo de lujo, seguridad y prestaciones. Explora su dise\u00f1o y su avanzada tecnolog\u00eda.","robots":{"index":"index","follow":"follow","max-snippet":"max-snippet:-1","max-image-preview":"max-image-preview:large","max-video-preview":"max-video-preview:-1"},"canonical":"https:\/\/ddluxurycar.wwwarcelona.net\/es\/noticias\/mercedes-benz-clase-g-un-icono-de-estilo-y-seguridad\/","og_locale":"es_ES","og_type":"article","og_title":"Mercedes-Benz Clase G: Un icono de estilo y seguridad","og_description":"Descubre por qu\u00e9 la Clase G de Mercedes-Benz es el m\u00e1ximo s\u00edmbolo de lujo, seguridad y prestaciones. Explora su dise\u00f1o y su avanzada tecnolog\u00eda.","og_url":"https:\/\/ddluxurycar.wwwarcelona.net\/es\/noticias\/mercedes-benz-clase-g-un-icono-de-estilo-y-seguridad\/","og_site_name":"wordpress","article_published_time":"2025-05-14T10:08:05+00:00","article_modified_time":"2025-05-16T07:16:30+00:00","og_image":[{"width":1024,"height":1024,"url":"https:\/\/ddluxurycar.wwwarcelona.net\/wp-content\/uploads\/2025\/05\/u8315455948_A_photorealistic_4K_image_of_the_latest_Mercedes-_27328307-c6c2-4101-b7b8-6480412e4cc6_1.png","type":"image\/png"}],"author":"Support Wwwarcelona","twitter_card":"summary_large_image","twitter_misc":{"Escrito por":"Support Wwwarcelona","Tiempo de lectura":"5 minutos"},"schema":{"@context":"https:\/\/schema.org","@graph":[{"@type":"Article","@id":"https:\/\/ddluxurycar.wwwarcelona.net\/es\/noticias\/mercedes-benz-clase-g-un-icono-de-estilo-y-seguridad\/#article","isPartOf":{"@id":"https:\/\/ddluxurycar.wwwarcelona.net\/es\/noticias\/mercedes-benz-clase-g-un-icono-de-estilo-y-seguridad\/"},"author":{"name":"Support Wwwarcelona","@id":"https:\/\/ddluxurycar.wwwarcelona.net\/#\/schema\/person\/643bb61cc7e606ada6bbe6796b23fed1"},"headline":"Mercedes-Benz Clase G: Un icono de estilo y seguridad","datePublished":"2025-05-14T10:08:05+00:00","dateModified":"2025-05-16T07:16:30+00:00","mainEntityOfPage":{"@id":"https:\/\/ddluxurycar.wwwarcelona.net\/es\/noticias\/mercedes-benz-clase-g-un-icono-de-estilo-y-seguridad\/"},"wordCount":927,"publisher":{"@id":"https:\/\/ddluxurycar.wwwarcelona.net\/#organization"},"image":{"@id":"https:\/\/ddluxurycar.wwwarcelona.net\/es\/noticias\/mercedes-benz-clase-g-un-icono-de-estilo-y-seguridad\/#primaryimage"},"thumbnailUrl":"https:\/\/ddluxurycar.wwwarcelona.net\/wp-content\/uploads\/2025\/05\/u8315455948_A_photorealistic_4K_image_of_the_latest_Mercedes-_27328307-c6c2-4101-b7b8-6480412e4cc6_1.png","inLanguage":"es"},{"@type":"WebPage","@id":"https:\/\/ddluxurycar.wwwarcelona.net\/es\/noticias\/mercedes-benz-clase-g-un-icono-de-estilo-y-seguridad\/","url":"https:\/\/ddluxurycar.wwwarcelona.net\/es\/noticias\/mercedes-benz-clase-g-un-icono-de-estilo-y-seguridad\/","name":"Mercedes-Benz Clase G: Un icono de estilo y seguridad","isPartOf":{"@id":"https:\/\/ddluxurycar.wwwarcelona.net\/#website"},"primaryImageOfPage":{"@id":"https:\/\/ddluxurycar.wwwarcelona.net\/es\/noticias\/mercedes-benz-clase-g-un-icono-de-estilo-y-seguridad\/#primaryimage"},"image":{"@id":"https:\/\/ddluxurycar.wwwarcelona.net\/es\/noticias\/mercedes-benz-clase-g-un-icono-de-estilo-y-seguridad\/#primaryimage"},"thumbnailUrl":"https:\/\/ddluxurycar.wwwarcelona.net\/wp-content\/uploads\/2025\/05\/u8315455948_A_photorealistic_4K_image_of_the_latest_Mercedes-_27328307-c6c2-4101-b7b8-6480412e4cc6_1.png","datePublished":"2025-05-14T10:08:05+00:00","dateModified":"2025-05-16T07:16:30+00:00","description":"Descubre por qu\u00e9 la Clase G de Mercedes-Benz es el m\u00e1ximo s\u00edmbolo de lujo, seguridad y prestaciones. Explora su dise\u00f1o y su avanzada tecnolog\u00eda.","breadcrumb":{"@id":"https:\/\/ddluxurycar.wwwarcelona.net\/es\/noticias\/mercedes-benz-clase-g-un-icono-de-estilo-y-seguridad\/#breadcrumb"},"inLanguage":"es","potentialAction":[{"@type":"ReadAction","target":["https:\/\/ddluxurycar.wwwarcelona.net\/es\/noticias\/mercedes-benz-clase-g-un-icono-de-estilo-y-seguridad\/"]}]},{"@type":"ImageObject","inLanguage":"es","@id":"https:\/\/ddluxurycar.wwwarcelona.net\/es\/noticias\/mercedes-benz-clase-g-un-icono-de-estilo-y-seguridad\/#primaryimage","url":"https:\/\/ddluxurycar.wwwarcelona.net\/wp-content\/uploads\/2025\/05\/u8315455948_A_photorealistic_4K_image_of_the_latest_Mercedes-_27328307-c6c2-4101-b7b8-6480412e4cc6_1.png","contentUrl":"https:\/\/ddluxurycar.wwwarcelona.net\/wp-content\/uploads\/2025\/05\/u8315455948_A_photorealistic_4K_image_of_the_latest_Mercedes-_27328307-c6c2-4101-b7b8-6480412e4cc6_1.png","width":1024,"height":1024},{"@type":"BreadcrumbList","@id":"https:\/\/ddluxurycar.wwwarcelona.net\/es\/noticias\/mercedes-benz-clase-g-un-icono-de-estilo-y-seguridad\/#breadcrumb","itemListElement":[{"@type":"ListItem","position":1,"name":"Portada","item":"https:\/\/ddluxurycar.wwwarcelona.net\/es\/home\/"},{"@type":"ListItem","position":2,"name":"Mercedes-Benz Clase G: Un icono de estilo y seguridad"}]},{"@type":"WebSite","@id":"https:\/\/ddluxurycar.wwwarcelona.net\/#website","url":"https:\/\/ddluxurycar.wwwarcelona.net\/","name":"DDLuxuryCar","description":"Just another WordPress site","publisher":{"@id":"https:\/\/ddluxurycar.wwwarcelona.net\/#organization"},"potentialAction":[{"@type":"SearchAction","target":{"@type":"EntryPoint","urlTemplate":"https:\/\/ddluxurycar.wwwarcelona.net\/?s={search_term_string}"},"query-input":{"@type":"PropertyValueSpecification","valueRequired":true,"valueName":"search_term_string"}}],"inLanguage":"es"},{"@type":"Organization","@id":"https:\/\/ddluxurycar.wwwarcelona.net\/#organization","name":"DDLuxuryCar","url":"https:\/\/ddluxurycar.wwwarcelona.net\/","logo":{"@type":"ImageObject","inLanguage":"es","@id":"https:\/\/ddluxurycar.wwwarcelona.net\/#\/schema\/logo\/image\/","url":"https:\/\/ddluxurycar.wwwarcelona.net\/wp-content\/uploads\/2025\/03\/cropped-favicon.png","contentUrl":"https:\/\/ddluxurycar.wwwarcelona.net\/wp-content\/uploads\/2025\/03\/cropped-favicon.png","width":512,"height":512,"caption":"DDLuxuryCar"},"image":{"@id":"https:\/\/ddluxurycar.wwwarcelona.net\/#\/schema\/logo\/image\/"}},{"@type":"Person","@id":"https:\/\/ddluxurycar.wwwarcelona.net\/#\/schema\/person\/643bb61cc7e606ada6bbe6796b23fed1","name":"Support Wwwarcelona","image":{"@type":"ImageObject","inLanguage":"es","@id":"https:\/\/secure.gravatar.com\/avatar\/0c6819356538849544fe79abd31afb6f42861bbb96368a1f2151f9a226524dcd?s=96&d=mm&r=g","url":"https:\/\/secure.gravatar.com\/avatar\/0c6819356538849544fe79abd31afb6f42861bbb96368a1f2151f9a226524dcd?s=96&d=mm&r=g","contentUrl":"https:\/\/secure.gravatar.com\/avatar\/0c6819356538849544fe79abd31afb6f42861bbb96368a1f2151f9a226524dcd?s=96&d=mm&r=g","caption":"Support Wwwarcelona"}}]}},"_links":{"self":[{"href":"https:\/\/ddluxurycar.wwwarcelona.net\/es\/wp-json\/wp\/v2\/posts\/3171","targetHints":{"allow":["GET"]}}],"collection":[{"href":"https:\/\/ddluxurycar.wwwarcelona.net\/es\/wp-json\/wp\/v2\/posts"}],"about":[{"href":"https:\/\/ddluxurycar.wwwarcelona.net\/es\/wp-json\/wp\/v2\/types\/post"}],"author":[{"embeddable":true,"href":"https:\/\/ddluxurycar.wwwarcelona.net\/es\/wp-json\/wp\/v2\/users\/7"}],"replies":[{"embeddable":true,"href":"https:\/\/ddluxurycar.wwwarcelona.net\/es\/wp-json\/wp\/v2\/comments?post=3171"}],"version-history":[{"count":1,"href":"https:\/\/ddluxurycar.wwwarcelona.net\/es\/wp-json\/wp\/v2\/posts\/3171\/revisions"}],"predecessor-version":[{"id":3173,"href":"https:\/\/ddluxurycar.wwwarcelona.net\/es\/wp-json\/wp\/v2\/posts\/3171\/revisions\/3173"}],"wp:featuredmedia":[{"embeddable":true,"href":"https:\/\/ddluxurycar.wwwarcelona.net\/es\/wp-json\/wp\/v2\/media\/3172"}],"wp:attachment":[{"href":"https:\/\/ddluxurycar.wwwarcelona.net\/es\/wp-json\/wp\/v2\/media?parent=3171"}],"wp:term":[{"taxonomy":"category","embeddable":true,"href":"https:\/\/ddluxurycar.wwwarcelona.net\/es\/wp-json\/wp\/v2\/categories?post=3171"},{"taxonomy":"post_tag","embeddable":true,"href":"https:\/\/ddluxurycar.wwwarcelona.net\/es\/wp-json\/wp\/v2\/tags?post=3171"}],"curies":[{"name":"wp","href":"https:\/\/api.w.org\/{rel}","templated":true}]}}